{"id":14838,"date":"2026-09-04T10:08:53","date_gmt":"2026-09-04T08:08:53","guid":{"rendered":"https:\/\/friulitv24.it\/?p=14838"},"modified":"2026-09-04T10:14:17","modified_gmt":"2026-09-04T08:14:17","slug":"laipacco-consegnati-i-lavori-per-la-prima-grande-opera-di-quartiere","status":"publish","type":"post","link":"https:\/\/friulitv24.it\/?p=14838","title":{"rendered":"LAIPACCO, CONSEGNATI I LAVORI PER LA PRIMA GRANDE OPERA DI QUARTIERE"},"content":{"rendered":"<p style=\"font-weight: 400\">Il Comune di Udine ha consegnato i lavori per la riqualificazione dell\u2019area sportiva di via Laipacco, una delle principali opere di comunit\u00e0 promosse dall\u2019Amministrazione De Toni per creare nuovi spazi pubblici nei quartieri.<\/p>\n<p style=\"font-weight: 400\">L\u2019intervento, finanziato con oltre un milione di euro, ridisegner\u00e0 completamente l\u2019area. Il cuore dell\u2019opera riguarda lo spazio accanto alla palestra: il campo da basket sar\u00e0 valorizzato e reso pi\u00f9 fruibile, i parcheggi verranno sistemati e sar\u00e0 realizzata una nuova area verde. Nascer\u00e0 cos\u00ec un vero e proprio parco di quartiere, pensato per restituire alla comunit\u00e0 un\u2019ampia zona completamente rinnovata e integrata con gli impianti sportivi esistenti, gi\u00e0 frequentati.<\/p>\n<p style=\"font-weight: 400\">Il progetto prevede inoltre la riorganizzazione della viabilit\u00e0 interna e dei parcheggi, con la realizzazione di 65 stalli, quattro dei quali riservati alle persone con disabilit\u00e0. Saranno realizzate nuove pavimentazioni drenanti, percorsi pedonali e ciclopedonali sicuri e nuovi portabiciclette, che miglioreranno complessivamente l\u2019accessibilit\u00e0 e la connessione dell&#8217;area.<\/p>\n<p style=\"font-weight: 400\">La consegna dei lavori, con il cantiere in avvio luned\u00ec, \u00e8 un ulteriore tassello di un articolato programma di interventi dedicati a Laipacco. L\u2019obiettivo dell\u2019Amministrazione comunale \u00e8 restituire ai residenti luoghi pi\u00f9 curati e sicuri, che possano diventare punti di riferimento per la vita quotidiana del quartiere. Non a caso, in una prospettiva di pi\u00f9 pi\u00f9 lungo periodo rientra anche il prolungamento del marciapiede lungo via Laipacco, intervento che richiede ulteriori passaggi tecnici.<\/p>\n<p style=\"font-weight: 400\">Come detto, l\u2019intervento di Laipacco \u00e8 la prima delle tre opere nei quartieri decise dall\u2019Amministrazione comunale. Tra queste opere anche la nuova casa di quartiere prevista nel quartiere Aurora, progetto gi\u00e0 approvato, e il nuovo spazio destinato alle associazioni a Paderno, che sar\u00e0 ricavato nell\u2019ex casa del custode della scuola Marconi. Progetti diversi, accomunati dalla volont\u00e0 di rafforzare i servizi di prossimit\u00e0 e offrire ai cittadini nuovi spazi nei quali costruire comunit\u00e0.<\/p>\n<p style=\"font-weight: 400\">\u201cQuesta Amministrazione sta investendo in modo diffuso nei quartieri, partendo dall\u2019ascolto delle persone che li vivono ogni giorno. Attraverso i Consigli di quartiere raccogliamo esigenze e problematiche e comprendiamo quali servizi e spazi ancora mancano. Interveniamo con opere puntuali dove necessario e, allo stesso tempo, programmiamo interventi strutturali attesi da tempo. Gli spazi destinati alla comunit\u00e0 sono una parte fondamentale di questo percorso: l\u2019area che rinascer\u00e0 a Laipacco ne \u00e8 uno degli esempi pi\u00f9 significativi. Restituiremo al quartiere un luogo completamente rinnovato, accessibile e capace di accogliere sport, socialit\u00e0 e vita comunitaria\u201d &#8211; ha detto\u00a0 <b>l&#8217;assessore di riferimento per il Verde pubblico e le opere Ivano Marchiol<\/b>.<\/p>\n","protected":false},"excerpt":{"rendered":"<p>Il Comune di Udine ha consegnato i lavori per la riqualificazione dell\u2019area sportiva di via Laipacco, una delle principali opere di comunit\u00e0 promosse dall\u2019Amministrazione De Toni per creare nuovi spazi pubblici nei quartieri. L\u2019intervento, finanziato con oltre un milione di euro, ridisegner\u00e0 completamente l\u2019area. Il cuore dell\u2019opera riguarda lo spazio accanto alla palestra: il campo da basket sar\u00e0 valorizzato e reso pi\u00f9 fruibile, i parcheggi verranno sistemati e sar\u00e0 realizzata una nuova area verde. Nascer\u00e0 cos\u00ec un vero e proprio parco di quartiere, pensato per restituire alla comunit\u00e0 un\u2019ampia zona completamente rinnovata e integrata con gli impianti sportivi esistenti, gi\u00e0 [&hellip;]<\/p>\n","protected":false},"author":3,"featured_media":14839,"comment_status":"open","ping_status":"open","sticky":false,"template":"","format":"standard","meta":{"footnotes":""},"categories":[3],"tags":[],"class_list":["post-14838","post","type-post","status-publish","format-standard","has-post-thumbnail","hentry","category-fashion"],"_links":{"self":[{"href":"https:\/\/friulitv24.it\/index.php?rest_route=\/wp\/v2\/posts\/14838","targetHints":{"allow":["GET"]}}],"collection":[{"href":"https:\/\/friulitv24.it\/index.php?rest_route=\/wp\/v2\/posts"}],"about":[{"href":"https:\/\/friulitv24.it\/index.php?rest_route=\/wp\/v2\/types\/post"}],"author":[{"embeddable":true,"href":"https:\/\/friulitv24.it\/index.php?rest_route=\/wp\/v2\/users\/3"}],"replies":[{"embeddable":true,"href":"https:\/\/friulitv24.it\/index.php?rest_route=%2Fwp%2Fv2%2Fcomments&post=14838"}],"version-history":[{"count":4,"href":"https:\/\/friulitv24.it\/index.php?rest_route=\/wp\/v2\/posts\/14838\/revisions"}],"predecessor-version":[{"id":14843,"href":"https:\/\/friulitv24.it\/index.php?rest_route=\/wp\/v2\/posts\/14838\/revisions\/14843"}],"wp:featuredmedia":[{"embeddable":true,"href":"https:\/\/friulitv24.it\/index.php?rest_route=\/wp\/v2\/media\/14839"}],"wp:attachment":[{"href":"https:\/\/friulitv24.it\/index.php?rest_route=%2Fwp%2Fv2%2Fmedia&parent=14838"}],"wp:term":[{"taxonomy":"category","embeddable":true,"href":"https:\/\/friulitv24.it\/index.php?rest_route=%2Fwp%2Fv2%2Fcategories&post=14838"},{"taxonomy":"post_tag","embeddable":true,"href":"https:\/\/friulitv24.it\/index.php?rest_route=%2Fwp%2Fv2%2Ftags&post=14838"}],"curies":[{"name":"wp","href":"https:\/\/api.w.org\/{rel}","templated":true}]}}