{"id":14835,"date":"2026-09-04T09:53:05","date_gmt":"2026-09-04T07:53:05","guid":{"rendered":"https:\/\/friulitv24.it\/?p=14835"},"modified":"2026-09-04T09:53:05","modified_gmt":"2026-09-04T07:53:05","slug":"a-grado-il-presepe-di-papa-francesco-lopera-che-ha-commosso-il-mondo-approda-nellisola-doro","status":"publish","type":"post","link":"https:\/\/friulitv24.it\/?p=14835","title":{"rendered":"A Grado il presepe di Papa Francesco: l&#8217;opera che ha commosso il mondo approda nell&#8217;Isola d&#8217;Oro"},"content":{"rendered":"<div>\n<p align=\"JUSTIFY\"><span style=\"font-family: Arial, sans-serif\">Grado \u2013 C&#8217;\u00e8 un&#8217;immagine che ha fatto il giro del pianeta, che milioni di persone hanno visto in televisione o dal vivo in piazza San Pietro, e che da dicembre diventer\u00e0 parte del paesaggio di Grado: \u00e8 il grande presepe monumentale che tutti, ormai, chiamano semplicemente &#8220;il presepe di Papa Francesco&#8221; noto ad un pubblico internazionale. Dal 5 dicembre (inaugurazione alle 17) al 10 gennaio trover\u00e0 casa nell&#8217;Isola d&#8217;Oro, in campo Patriarca Elia, portando con s\u00e9 un pezzo di storia recente della Chiesa e regalando alla citt\u00e0 un&#8217;occasione unica di incontro, spiritualit\u00e0 e bellezza. Il presepe sar\u00e0 allestito grazie alla volont\u00e0 del Comune e della Parrocchia che collabora attivamente all&#8217;iniziativa. Proprio nei giorni scorsi si \u00e8 svolto un incontro di preparazione nella sede dei Portatori della Madonna di Barbana, associazione capofila del progetto, insieme ai volontari che hanno realizzato materialmente la grande opera, frutto di passione e dedizione.<\/span><\/p>\n<p align=\"JUSTIFY\"><span style=\"font-family: Arial, sans-serif\"><b>Perch\u00e9 \u00e8 &#8220;il presepe di Papa Francesco&#8221;<\/b><\/span><\/p>\n<p align=\"JUSTIFY\"><span style=\"font-family: Arial, sans-serif\">Il nome con cui l&#8217;opera \u00e8 conosciuta a Grado non \u00e8 casuale, ma nasce da un legame personale e profondo. Il Pontefice ricevette in udienza i tanti gradesi che si erano recati a Roma per l&#8217;inaugurazione dell&#8217;opera in Vaticano. Ma c&#8217;\u00e8 un episodio che ha toccato il cuore di tutti: giorni dopo, nonostante la malattia che lo affliggeva, Papa Francesco volle tornare da solo davanti alla Nativit\u00e0 per sostare in silenziosa contemplazione. Un gesto semplice e intimo che ha trasformato un&#8217;opera d&#8217;arte in un simbolo di fede vissuta fino in fondo e che oggi lega indissolubilmente Grado a quel momento. Le dimensioni raccontano da sole la grandezza del progetto: 14 metri per 30, una ventina di statue quasi a grandezza naturale, due autentiche batele \u2013 le tradizionali barche a fondo piatto della laguna \u2013 e il grande casone che custodisce al suo interno la Nativit\u00e0. Ogni dettaglio \u00e8 stato pensato per ricreare fedelmente la laguna gradese, portando in Vaticano, e ora riportando a casa, l&#8217;anima pi\u00f9 autentica del nostro territorio.<\/span><\/p>\n<p align=\"JUSTIFY\"><span style=\"font-family: Arial, sans-serif\"><b>Grande opportunit\u00e0 per Grado<\/b><\/span><\/p>\n<p align=\"JUSTIFY\"><span style=\"font-family: Arial, sans-serif\">Fin dai giorni dell&#8217;esposizione vaticana, in tanti avevano chiesto di poter tornare a osservare l&#8217;opera con calma, senza i limiti di tempo imposti dalle folle di piazza San Pietro. Una richiesta che oggi trova risposta e che porta con s\u00e9 una ricaduta importante per la citt\u00e0: sono gi\u00e0 diversi i gruppi, provenienti da ogni parte d&#8217;Italia, che stanno organizzando gite e soggiorni natalizi con pacchetti speciali pensati apposta per ammirare il presepe. Si tratta di viaggi organizzati con mesi di anticipo, ed \u00e8 per questo che l&#8217;annuncio arriva oggi: perch\u00e9 famiglie, parrocchie, gruppi di pellegrini e agenzie possano gi\u00e0 da ora inserire Grado tra le mete del Natale 2026. Un&#8217;occasione che unisce fede, arte e turismo, capace di accendere i riflettori sull&#8217;Isola d&#8217;Oro proprio nel cuore delle festivit\u00e0.<\/span><\/p>\n<p align=\"JUSTIFY\"><b>Le parole del sindaco<\/b><\/p>\n<p align=\"JUSTIFY\">\u201c<span style=\"font-family: Arial, sans-serif\">Quest&#8217;opera ha gi\u00e0 parlato al cuore di migliaia di persone giunte nella Citt\u00e0 Eterna da ogni parte del mondo\u201d, dichiara il sindaco Giuseppe Corbatto che aggiunge: \u201cOra torna, o meglio approda, nella nostra isola: un ritorno che per noi ha un significato speciale, perch\u00e9 quel presepe porta impressa l&#8217;anima della nostra laguna e la testimonianza di un momento che i gradesi non dimenticheranno mai\u201d. Inoltre il primo cittadino evidenzia che non si tratta \u201csoltanto di un&#8217;esposizione artistica, ma di un ponte ideale tra Roma e Grado, tra il cammino giubilare e la nostra tradizione natalizia&#8221;. Si tratta di un \u201cdono che arricchisce il Natale gradese e che testimonia come la nostra citt\u00e0 sappia essere, anche in questa occasione, luogo di incontro tra spiritualit\u00e0, arte e comunit\u00e0. Mi auguro che tantissime persone, gradesi e ospiti, vogliano vivere questa esperienza: chi verr\u00e0 a trovarci non trover\u00e0 solo un&#8217;opera da ammirare, ma un pezzo di storia da custodire nel cuore, proprio come \u00e8 successo a Papa Francesco\u201d.<\/span><\/p>\n<p>&nbsp;<\/p>\n<\/div>\n<div><\/div>\n","protected":false},"excerpt":{"rendered":"<p>Grado \u2013 C&#8217;\u00e8 un&#8217;immagine che ha fatto il giro del pianeta, che milioni di persone hanno visto in televisione o dal vivo in piazza San Pietro, e che da dicembre diventer\u00e0 parte del paesaggio di Grado: \u00e8 il grande presepe monumentale che tutti, ormai, chiamano semplicemente &#8220;il presepe di Papa Francesco&#8221; noto ad un pubblico internazionale. Dal 5 dicembre (inaugurazione alle 17) al 10 gennaio trover\u00e0 casa nell&#8217;Isola d&#8217;Oro, in campo Patriarca Elia, portando con s\u00e9 un pezzo di storia recente della Chiesa e regalando alla citt\u00e0 un&#8217;occasione unica di incontro, spiritualit\u00e0 e bellezza. Il presepe sar\u00e0 allestito grazie alla [&hellip;]<\/p>\n","protected":false},"author":3,"featured_media":14836,"comment_status":"open","ping_status":"open","sticky":false,"template":"","format":"standard","meta":{"footnotes":""},"categories":[3],"tags":[],"class_list":["post-14835","post","type-post","status-publish","format-standard","has-post-thumbnail","hentry","category-fashion"],"_links":{"self":[{"href":"https:\/\/friulitv24.it\/index.php?rest_route=\/wp\/v2\/posts\/14835","targetHints":{"allow":["GET"]}}],"collection":[{"href":"https:\/\/friulitv24.it\/index.php?rest_route=\/wp\/v2\/posts"}],"about":[{"href":"https:\/\/friulitv24.it\/index.php?rest_route=\/wp\/v2\/types\/post"}],"author":[{"embeddable":true,"href":"https:\/\/friulitv24.it\/index.php?rest_route=\/wp\/v2\/users\/3"}],"replies":[{"embeddable":true,"href":"https:\/\/friulitv24.it\/index.php?rest_route=%2Fwp%2Fv2%2Fcomments&post=14835"}],"version-history":[{"count":1,"href":"https:\/\/friulitv24.it\/index.php?rest_route=\/wp\/v2\/posts\/14835\/revisions"}],"predecessor-version":[{"id":14837,"href":"https:\/\/friulitv24.it\/index.php?rest_route=\/wp\/v2\/posts\/14835\/revisions\/14837"}],"wp:featuredmedia":[{"embeddable":true,"href":"https:\/\/friulitv24.it\/index.php?rest_route=\/wp\/v2\/media\/14836"}],"wp:attachment":[{"href":"https:\/\/friulitv24.it\/index.php?rest_route=%2Fwp%2Fv2%2Fmedia&parent=14835"}],"wp:term":[{"taxonomy":"category","embeddable":true,"href":"https:\/\/friulitv24.it\/index.php?rest_route=%2Fwp%2Fv2%2Fcategories&post=14835"},{"taxonomy":"post_tag","embeddable":true,"href":"https:\/\/friulitv24.it\/index.php?rest_route=%2Fwp%2Fv2%2Ftags&post=14835"}],"curies":[{"name":"wp","href":"https:\/\/api.w.org\/{rel}","templated":true}]}}