{"id":14832,"date":"2026-09-03T15:44:12","date_gmt":"2026-09-03T13:44:12","guid":{"rendered":"https:\/\/friulitv24.it\/?p=14832"},"modified":"2026-09-03T15:44:12","modified_gmt":"2026-09-03T13:44:12","slug":"larcivescovo-di-gorizia-dianin-in-municipio-per-incontrare-il-sindaco-ziberna-e-la-giunta","status":"publish","type":"post","link":"https:\/\/friulitv24.it\/?p=14832","title":{"rendered":"L\u2019ARCIVESCOVO DI GORIZIA DIANIN IN MUNICIPIO  PER INCONTRARE IL SINDACO ZIBERNA E LA GIUNTA"},"content":{"rendered":"<p style=\"font-weight: 400\">Una citt\u00e0 \u201cche si sta ripensando\u201d, anche alla luce dell\u2019esperienza maturata con GO! 2025, e che per il suo futuro intende mantenere lo slancio intrapreso: \u00e8 l\u2019immagine di Gorizia emersa nella visita in Municipio del nuovo Arcivescovo, monsignor Giampaolo Dianin, dalle parole del sindaco, Rodolfo Ziberna, e della giunta comunale al completo. Affiancato da monsignor Paolo Luigi Zuttion, vicario generale dell\u2019Arcidiocesi, da monsignor Nicola Ban, Decano di Gorizia, e dal portavoce Mauro Ungaro, il presule ha incontrato privatamente il primo cittadino, per poi dialogare con tutti gli assessori, che si sono presentati e hanno illustrato deleghe e compiti. Un incontro che non ha precedenti, volto a stimolare la reciproca conoscenza e a porre le basi per una collaborazione a vantaggio della cittadinanza.<\/p>\n<p style=\"font-weight: 400\">\u201c\u00c8 vero che ci eravamo gi\u00e0 incontrati in occasione della cerimonia in duomo per il suo insediamento, ma \u00e8 stato un vero piacere accogliere nella casa municipale l\u2019Arcivescovo. Abbiamo condiviso iniziative, percorsi e una visione della citt\u00e0 futura che ci proietta davvero a continuare il ruolo straordinario svolto insieme a Nova Gorica in occasione della Capitale europea della cultura 2025\u201d, rimarca il sindaco. E prosegue: \u201cAbbiamo avuto modo di illustrare la ricchezza culturale, l\u2019operosit\u00e0 delle numerose realt\u00e0 di volontariato, le tante iniziative volte al dialogo, ma anche aspetti pi\u00f9 pratici, come la cura del verde e degli spazi di aggregazione, o l\u2019attenzione per i servizi rivolti ai cittadini anche sulla base di esigenze e problematiche. Ho riscontrato da parte di monsignor Dianin davvero una grande disponibilit\u00e0 e convergenza di idee in ogni ambito\u201d.<\/p>\n<p style=\"font-weight: 400\">Dopo aver ascoltato gli interventi degli assessori e aver ringraziato per l\u2019invito, l\u2019Arcivescovo ha sottolineato come l\u2019impatto con Gorizia sia stato molto positivo, in quanto citt\u00e0 ordinata, pulita, ricca di verde, e \u201ccapace quindi di trasmettere pace e serenit\u00e0\u201d. Si \u00e8 quindi rivolto a sindaco e giunta ponendo l\u2019accento sull\u2019importanza della sinergia: \u201cL\u2019immagine di Gorizia delineata dalle vostre parole \u00e8 quella di una citt\u00e0 che si sta ripensando. A me piace l\u2019idea di poter partecipare a questo ripensamento. Abbiamo tutti a cuore la stessa cosa, ovvero le persone, quindi la collaborazione \u00e8 la strada giusta da seguire. Pensando alle problematiche e ai temi che mi avete esposto, ritengo che Gorizia possa essere realmente un laboratorio di elaborazione di buone pratiche\u201d.<\/p>\n","protected":false},"excerpt":{"rendered":"<p>Una citt\u00e0 \u201cche si sta ripensando\u201d, anche alla luce dell\u2019esperienza maturata con GO! 2025, e che per il suo futuro intende mantenere lo slancio intrapreso: \u00e8 l\u2019immagine di Gorizia emersa nella visita in Municipio del nuovo Arcivescovo, monsignor Giampaolo Dianin, dalle parole del sindaco, Rodolfo Ziberna, e della giunta comunale al completo. Affiancato da monsignor Paolo Luigi Zuttion, vicario generale dell\u2019Arcidiocesi, da monsignor Nicola Ban, Decano di Gorizia, e dal portavoce Mauro Ungaro, il presule ha incontrato privatamente il primo cittadino, per poi dialogare con tutti gli assessori, che si sono presentati e hanno illustrato deleghe e compiti. Un incontro [&hellip;]<\/p>\n","protected":false},"author":3,"featured_media":14833,"comment_status":"open","ping_status":"open","sticky":false,"template":"","format":"standard","meta":{"footnotes":""},"categories":[3],"tags":[],"class_list":["post-14832","post","type-post","status-publish","format-standard","has-post-thumbnail","hentry","category-fashion"],"_links":{"self":[{"href":"https:\/\/friulitv24.it\/index.php?rest_route=\/wp\/v2\/posts\/14832","targetHints":{"allow":["GET"]}}],"collection":[{"href":"https:\/\/friulitv24.it\/index.php?rest_route=\/wp\/v2\/posts"}],"about":[{"href":"https:\/\/friulitv24.it\/index.php?rest_route=\/wp\/v2\/types\/post"}],"author":[{"embeddable":true,"href":"https:\/\/friulitv24.it\/index.php?rest_route=\/wp\/v2\/users\/3"}],"replies":[{"embeddable":true,"href":"https:\/\/friulitv24.it\/index.php?rest_route=%2Fwp%2Fv2%2Fcomments&post=14832"}],"version-history":[{"count":1,"href":"https:\/\/friulitv24.it\/index.php?rest_route=\/wp\/v2\/posts\/14832\/revisions"}],"predecessor-version":[{"id":14834,"href":"https:\/\/friulitv24.it\/index.php?rest_route=\/wp\/v2\/posts\/14832\/revisions\/14834"}],"wp:featuredmedia":[{"embeddable":true,"href":"https:\/\/friulitv24.it\/index.php?rest_route=\/wp\/v2\/media\/14833"}],"wp:attachment":[{"href":"https:\/\/friulitv24.it\/index.php?rest_route=%2Fwp%2Fv2%2Fmedia&parent=14832"}],"wp:term":[{"taxonomy":"category","embeddable":true,"href":"https:\/\/friulitv24.it\/index.php?rest_route=%2Fwp%2Fv2%2Fcategories&post=14832"},{"taxonomy":"post_tag","embeddable":true,"href":"https:\/\/friulitv24.it\/index.php?rest_route=%2Fwp%2Fv2%2Ftags&post=14832"}],"curies":[{"name":"wp","href":"https:\/\/api.w.org\/{rel}","templated":true}]}}