{"id":14829,"date":"2026-09-03T15:41:34","date_gmt":"2026-09-03T13:41:34","guid":{"rendered":"https:\/\/friulitv24.it\/?p=14829"},"modified":"2026-09-03T15:41:34","modified_gmt":"2026-09-03T13:41:34","slug":"dieci-edizioni-63-associazioni-e-360-atleti-da-premiare-pordenone-si-prepara-alla-sua-giornata-dello-sport","status":"publish","type":"post","link":"https:\/\/friulitv24.it\/?p=14829","title":{"rendered":"Dieci edizioni, 63 associazioni e 360 atleti da premiare: Pordenone si prepara alla sua Giornata dello Sport"},"content":{"rendered":"<p>Tre giorni di gare, premiazioni e prove aperte a tutti, 63 associazioni sportive in piazza, circa 360 atleti sul palco e un quadrangolare internazionale di pallavolo. La decima edizione della Giornata dello Sport e del Gal\u00e0 dello Sport si terr\u00e0 a Pordenone da venerd\u00ec 11 a domenica 13 settembre 2026 ed \u00e8 stata presentata questa mattina in sala Missinato, con la partecipazione del sindaco Alessandro Basso e dell\u2019assessore allo Sport Elena Ceolin; a condurre la presentazione lo speaker Gilberto Zorat. La principale novit\u00e0 riguarda gli spazi: la crescita delle adesioni ha portato ad ampliare l\u2019area delle esibizioni fino a coinvolgere l\u2019intero parcheggio Marcolin, che per la giornata di domenica sar\u00e0 interamente dedicato alle attivit\u00e0 sportive.<u><\/u><u><\/u><\/p>\n<p>\u00abPordenone si appresta a vivere tre giorni di grande festa \u2014 dichiara il sindaco Alessandro Basso \u2014 e il fatto che questa manifestazione sia arrivata alla decima edizione, crescendo ogni anno nei numeri e nella qualit\u00e0, racconta molto di come il nostro territorio sappia fare sistema. Dietro ogni associazione ci sono dirigenti, allenatori, genitori e volontari che tengono in piedi un pezzo importante della vita della comunit\u00e0: la citt\u00e0 riconosce questo lavoro e lo mette al centro della sua piazza principale. Lo sport \u00e8 cultura di vita, di comunit\u00e0 e di condivisione, ed \u00e8 per questo che rappresenta uno dei fili conduttori del percorso che ci porter\u00e0 a Pordenone capitale italiana della Cultura 2027. Una citt\u00e0 che gioca insieme \u00e8 una citt\u00e0 che cresce insieme, e in questi tre giorni si vedr\u00e0\u00bb.<u><\/u><u><\/u><\/p>\n<p>\u00abQuest\u2019anno partiamo da un dato molto positivo: siamo cresciuti \u2014 afferma l\u2019assessore allo Sport Elena Ceolin \u2014 sono aumentate le associazioni che hanno aderito e sono aumentati gli atleti coinvolti nel Gal\u00e0, un esempio concreto di meritocrazia e di protagonismo giovanile. \u00c8 il segnale che lo sport ha ancora tanta energia da dare alla citt\u00e0 e che c\u2019\u00e8 voglia di esserci, di fare squadra. Per l\u2019amministrazione lo sport non \u00e8 solamente competizione e agonismo: \u00e8 un linguaggio universale che aggrega, include, promuove il rispetto dell\u2019altro e l\u2019amicizia. Venerd\u00ec sera avremo testimonial importanti a premiare i nostri ragazzi, veri protagonisti dello sport italiano e internazionale, e li abbiamo voluti perch\u00e9 sono l\u2019esempio concreto e vicino di come non si nasca campioni: ci vuole il talento, ma ci vogliono anche tanta fatica, impegno e passione per arrivare ai massimi livelli, e le nostre societ\u00e0 i talenti li sanno riconoscere e coltivare. La domenica \u201cTrova il tuo sport\u201d sar\u00e0 un\u2019opportunit\u00e0 unica per le associazioni di far vedere chi sono e per le famiglie di provare le discipline, chiedere informazioni su orari, costi e materiali e soprattutto guardare negli occhi le persone alle quali affideranno i loro figli. Incentiviamo la partecipazione con il patentino e il passaporto dello sportivo, e quest\u2019anno i gadget ci rendono particolarmente orgogliosi. La fotografia che ne esce \u00e8 quella di una comunit\u00e0 sportiva viva, che cresce e che ha voglia di stare insieme: Pordenone \u00e8 una squadra, venite, partecipate, scendiamo in campo insieme\u00bb.<u><\/u><u><\/u><\/p>\n<p>La Giornata dello Sport \u00e8 stata istituita nel 2003 dal Presidente del Consiglio dei Ministri per la prima domenica di giugno di ogni anno. L\u2019amministrazione di Pordenone ha scelto di collocarla a settembre per dare maggiore visibilit\u00e0 alle tante associazioni che proprio in queste settimane aprono la nuova stagione sportiva.<u><\/u><u><\/u><\/p>\n<p><u>Venerd\u00ec 11 settembre<\/u>\u00a0alle ore 18.00 piazza XX Settembre ospiter\u00e0 il\u00a0<strong>\u201cGal\u00e0 dello Sport\u201d<\/strong>\u00a0(in caso di maltempo l\u2019appuntamento si sposta, alla stessa ora, al Palazzetto dello Sport). Saranno chiamati sul palco gli atleti che nella scorsa stagione si sono distinti nelle loro discipline piazzandosi al primo posto dalla categoria regionale in su: quest\u2019anno i premiati saranno circa 360, un numero cresciuto sensibilmente rispetto alle edizioni precedenti e segno di una partecipazione sempre pi\u00f9 ampia alle attivit\u00e0 sportive di ogni tipo. A consegnare i riconoscimenti saranno il sindaco Alessandro Basso e l\u2019assessore allo Sport e alla Sicurezza Elena Ceolin. L\u2019evento sar\u00e0 presentato dallo speaker Gilberto Zorat. I posti a sedere sono riservati prioritariamente agli atleti premiati e agli accompagnatori delle societ\u00e0 di appartenenza, mentre quelli liberi saranno messi a disposizione del pubblico.<u><\/u><u><\/u><\/p>\n<p>A consegnare le medaglie saranno testimonial d\u2019eccezione. Sul palco saliranno atleti dell\u2019Imoco Volley di Conegliano e un campione del rugby nazionale, oltre ai protagonisti di questa edizione, gli atleti della pallavolo maschile con la Tinet Volley di Prata, recentemente approdata in Superlega, che giocher\u00e0 l\u2019intero campionato al palazzetto Crisafulli rinnovato ad hoc.<u><\/u><u><\/u><\/p>\n<p>Anche quest\u2019anno l\u2019Imoco ripropone, con la collaborazione del Comune, il\u00a0<strong>\u201c2\u00b0 Torneo Citt\u00e0 di Pordenone\u201d<\/strong>, quadrangolare femminile che vede coinvolte, oltre alle pantere giallobl\u00f9, il Panathinaikos Atene, la CDA Volley Talmassons FVG e il Bergamo. Il torneo si disputer\u00e0 al PalaCrisafulli: sabato 12 settembre alle ore 18.00 si affronteranno Panathinaikos Atene e CDA Volley Talmassons FVG, alle ore 20.30 Prosecco Doc A. Carraro Imoco Conegliano e Bergamo; domenica 13 settembre alle ore 15.30 \u00e8 in programma la finale per il terzo e quarto posto e alle ore 18.00 quella per il primo e secondo posto. I biglietti sono in prevendita sul circuito Vivaticket e sul sito\u00a0<a href=\"http:\/\/imocovolley.it\/\" target=\"_blank\" rel=\"noopener\" data-saferedirecturl=\"https:\/\/www.google.com\/url?q=http:\/\/imocovolley.it&amp;source=gmail&amp;ust=1788528980243000&amp;usg=AOvVaw1balIEiksalvCgv1aQkgak\">imocovolley.it<\/a>\u00a0nella sezione biglietteria online, nei punti vendita Vivaticket \u2014 a Pordenone Musicatelli in piazza XX Settembre 7, Bar Libert\u00e0 in\u00a0<a href=\"https:\/\/www.google.com\/maps\/search\/viale+Libert%C3%A0+67+e?entry=gmail&amp;source=g\" data-saferedirecturl=\"https:\/\/www.google.com\/url?q=https:\/\/www.google.com\/maps\/search\/viale%2BLibert%25C3%25A0%2B67%2Be?entry%3Dgmail%26source%3Dg&amp;source=gmail&amp;ust=1788528980243000&amp;usg=AOvVaw3N0egKdjctfQY5-KuaeUFz\">viale Libert\u00e0 67 e<\/a>\u00a0Ricevitoria Gai in\u00a0<a href=\"https:\/\/www.google.com\/maps\/search\/via+Piave+58%2FB?entry=gmail&amp;source=g\" data-saferedirecturl=\"https:\/\/www.google.com\/url?q=https:\/\/www.google.com\/maps\/search\/via%2BPiave%2B58%252FB?entry%3Dgmail%26source%3Dg&amp;source=gmail&amp;ust=1788528980243000&amp;usg=AOvVaw0xS3h_nm7dg5e9uA0LN-gy\">via Piave 58\/B<\/a>, a Sacile Discorso in via Garibaldi 36 \u2014 oltre che alle casse del palazzetto il giorno delle gare, a partire da 60 minuti prima dell\u2019inizio della prima partita e previa disponibilit\u00e0.<u><\/u><u><\/u><\/p>\n<p><u>Domenica 13 settembre<\/u>\u00a0dalle 10 alle 18, tra piazzetta San Marco, piazzetta Calderari e il parcheggio Marcolin, si svolgeranno\u00a0<strong>le prove e le esibizioni delle associazioni sportive del territorio<\/strong>\u00a0con l\u2019iniziativa \u201cTrova il tuo sport\u201d.<u><\/u><u><\/u><\/p>\n<p>Il forte aumento delle adesioni ha imposto un ampliamento dell\u2019area della manifestazione. Se lo scorso anno alle attivit\u00e0 era riservata soltanto una porzione del parcheggio Marcolin, mentre la restante parte restava riservata ai mezzi dell\u2019organizzazione, quest\u2019anno l\u2019intera superficie del parcheggio sar\u00e0 destinata agli spazi delle associazioni e agli allestimenti. Il Marcolin sar\u00e0 quindi completamente interdetto alla circolazione e alla sosta per tutta la giornata di domenica. Chi raggiunger\u00e0 il centro in auto avr\u00e0 comunque a disposizione, gratuitamente, i parcheggi del Tribunale, della Rivierasca, il Candiani e della zona della Santissima, tutti serviti da percorsi pedonali che in pochi minuti conducono direttamente all\u2019area allestita per la giornata. La scelta di destinare l\u2019intero spazio alle attivit\u00e0 risponde a una richiesta arrivata dalle stesse societ\u00e0 sportive, che quest\u2019anno hanno aderito in numero record.<u><\/u><u><\/u><\/p>\n<p>Sono 63 i sodalizi coinvolti nella Giornata. Ogni associazione avr\u00e0 uno spazio attrezzato con gazebo in cui promuovere, illustrare e fornire materiale informativo sulle proprie attivit\u00e0 e sui corsi in programma per la stagione sportiva 2026\/2027. Qui i pi\u00f9 giovani potranno accostarsi a varie discipline sportive, provandole sul campo sotto la guida di atleti esperti e di allenatori.<u><\/u><u><\/u><\/p>\n<p>Presso ogni stand i bambini e i ragazzi riceveranno un timbro sul \u201cpatentino dello sportivo\u201d, che testimonier\u00e0 la loro visita. Al raggiungimento di 10 timbri potranno ritirare un gadget presso l\u2019info point del Comune, allestito in piazzetta Calderari, che fornir\u00e0 anche tutte le informazioni necessarie sulla manifestazione. I gadget di quest\u2019anno sono la maglietta ufficiale della Giornata dello Sport e i palloni da calcio e da rugby. Accanto all\u2019info point sar\u00e0 posizionato, come di consuetudine, un distributore d\u2019acqua. Nel corso della giornata l\u2019assessore allo Sport visiter\u00e0 gli stand e consegner\u00e0 a ciascuna associazione partecipante il gagliardetto a ricordo dell\u2019evento.<u><\/u><u><\/u><\/p>\n<p>Gli sport presenti sono pesistica olimpica, danza, ballo, arti marziali, ginnastica ritmica, pattinaggio, tennis e padel, pallacanestro, pallavolo, nuoto, sci e snowboard, calcio e calcetto, scacchi, hockey, scherma, attivit\u00e0 subacquee, tiro con l\u2019arco, rugby, atletica leggera, golf, ginnastica varia, fitness e yoga, ginnastica artistica, parkour e tessuti aerei, pugilato, dama, attivit\u00e0 di volo, multisport, ciclismo, nordic walking.<u><\/u><u><\/u><\/p>\n<p>Lo stesso fine settimana sar\u00e0 scandito da altri appuntamenti sportivi. Venerd\u00ec 11 settembre il polisportivo Armando Lupieri ospita le finali del\u00a0<strong>24\u00b0 torneo di calcio \u201cCitt\u00e0 di Pordenone\u201d<\/strong>. Sabato 12 e domenica 13 settembre il gruppo sportivo nautico Portus Naonis organizza il\u00a0<strong>55\u00b0 Rally Motonautico<\/strong>\u00a0presso l\u2019Imbarcadero del Noncello. Domenica 13 settembre alle ore 15.00 partir\u00e0 da piazza XX Settembre il\u00a0<strong>45\u00b0 Giro Podistico Internazionale \u201cCitt\u00e0 di Pordenone\u201d<\/strong>, organizzato dall\u2019Atletica Brugnera-Pordenone, con arrivo previsto in piazza per le 19.30 e premiazioni entro le ore 20.00. Sempre domenica 13 il velodromo Bottecchia sar\u00e0 il punto di partenza del\u00a0<strong>4\u00b0 Trofeo Principe Bike<\/strong>.<\/p>\n","protected":false},"excerpt":{"rendered":"<p>Tre giorni di gare, premiazioni e prove aperte a tutti, 63 associazioni sportive in piazza, circa 360 atleti sul palco e un quadrangolare internazionale di pallavolo. La decima edizione della Giornata dello Sport e del Gal\u00e0 dello Sport si terr\u00e0 a Pordenone da venerd\u00ec 11 a domenica 13 settembre 2026 ed \u00e8 stata presentata questa mattina in sala Missinato, con la partecipazione del sindaco Alessandro Basso e dell\u2019assessore allo Sport Elena Ceolin; a condurre la presentazione lo speaker Gilberto Zorat. La principale novit\u00e0 riguarda gli spazi: la crescita delle adesioni ha portato ad ampliare l\u2019area delle esibizioni fino a coinvolgere [&hellip;]<\/p>\n","protected":false},"author":3,"featured_media":14830,"comment_status":"open","ping_status":"open","sticky":false,"template":"","format":"standard","meta":{"footnotes":""},"categories":[3],"tags":[],"class_list":["post-14829","post","type-post","status-publish","format-standard","has-post-thumbnail","hentry","category-fashion"],"_links":{"self":[{"href":"https:\/\/friulitv24.it\/index.php?rest_route=\/wp\/v2\/posts\/14829","targetHints":{"allow":["GET"]}}],"collection":[{"href":"https:\/\/friulitv24.it\/index.php?rest_route=\/wp\/v2\/posts"}],"about":[{"href":"https:\/\/friulitv24.it\/index.php?rest_route=\/wp\/v2\/types\/post"}],"author":[{"embeddable":true,"href":"https:\/\/friulitv24.it\/index.php?rest_route=\/wp\/v2\/users\/3"}],"replies":[{"embeddable":true,"href":"https:\/\/friulitv24.it\/index.php?rest_route=%2Fwp%2Fv2%2Fcomments&post=14829"}],"version-history":[{"count":1,"href":"https:\/\/friulitv24.it\/index.php?rest_route=\/wp\/v2\/posts\/14829\/revisions"}],"predecessor-version":[{"id":14831,"href":"https:\/\/friulitv24.it\/index.php?rest_route=\/wp\/v2\/posts\/14829\/revisions\/14831"}],"wp:featuredmedia":[{"embeddable":true,"href":"https:\/\/friulitv24.it\/index.php?rest_route=\/wp\/v2\/media\/14830"}],"wp:attachment":[{"href":"https:\/\/friulitv24.it\/index.php?rest_route=%2Fwp%2Fv2%2Fmedia&parent=14829"}],"wp:term":[{"taxonomy":"category","embeddable":true,"href":"https:\/\/friulitv24.it\/index.php?rest_route=%2Fwp%2Fv2%2Fcategories&post=14829"},{"taxonomy":"post_tag","embeddable":true,"href":"https:\/\/friulitv24.it\/index.php?rest_route=%2Fwp%2Fv2%2Ftags&post=14829"}],"curies":[{"name":"wp","href":"https:\/\/api.w.org\/{rel}","templated":true}]}}