{"id":14826,"date":"2026-09-03T15:38:31","date_gmt":"2026-09-03T13:38:31","guid":{"rendered":"https:\/\/friulitv24.it\/?p=14826"},"modified":"2026-09-03T15:38:31","modified_gmt":"2026-09-03T13:38:31","slug":"udine-parco-umberto-saba-approvato-il-progetto-di-riqualificazione","status":"publish","type":"post","link":"https:\/\/friulitv24.it\/?p=14826","title":{"rendered":"UDINE. PARCO UMBERTO SABA, APPROVATO IL PROGETTO DI RIQUALIFICAZIONE"},"content":{"rendered":"<p style=\"font-weight: 400\">La Giunta comunale ha approvato il primo step progettuale per la riqualificazione del parco &#8220;Umberto Saba&#8221; di via Vincenzo Joppi. L\u2019intervento punta a trasformare un\u2019area verde di circa 10 mila metri quadrati, oggi sottoutilizzata, in un parco contemporaneo e multifunzionale in linea con altre aree verdi riqualificate della citt\u00e0, che possa favorire la socialit\u00e0 e ospitare giochi e sport. Si tratta di un\u2019operazione del valore di 340 mila euro, sostenuta da un contributo della Regione FVG. Come da cronoprogramma approvato, i lavori dovrebbero iniziare in primavera 2027.<\/p>\n<p style=\"font-weight: 400\">Il parco si trova in un contesto densamente abitato, tra via della Valle, il campo sportivo &#8220;Giacomo Centazzo&#8221; e lo scalo ferroviario dismesso. Pur disponendo di un\u2019importante dotazione di verde e alberature, l\u2019area presenta oggi diverse criticit\u00e0: l\u2019accesso pedonale \u00e8 poco riconoscibile, mancano vialetti interni e raggiungere i giochi e gli impianti sportivi pu\u00f2 risultare difficile per le persone con disabilit\u00e0, gli anziani e i genitori con passeggini. Il campo da basket ha pavimentazione e attrezzature usurate, e l\u2019area giochi dispone di strutture ormai datate e non accessibili.<\/p>\n<p style=\"font-weight: 400\">&#8220;Stiamo portando avanti un\u2019idea precisa di citt\u00e0: una Udine in cui ogni quartiere abbia spazi verdi curati, sicuri, accessibili e ricchi di ombra, dove le persone possano incontrarsi e fare comunit\u00e0 a pochi passi da casa. Dopo aver realizzato la riqualificazione del parco a Laipacco, portando un segnale concreto e attenzione nella zona est, ora tocca alla zona ovest con il Parco Umberto Saba. Questo intervento era una visione e un impegno che avevamo ben chiaro in mente fin dalla campagna elettorale. Oggi quell&#8217;idea diventa realt\u00e0: ai fondi regionali aggiungeremo importanti risorse comunali per garantire un&#8217;opera completa e all&#8217;altezza delle aspettative del quartiere. Trasformeremo un&#8217;area con un grande potenziale in un parco moderno, con percorsi per tutti, giochi inclusivi, un campo da baskin, nuova illuminazione e videosorveglianza. Aumentare l&#8217;ombra e la biodiversit\u00e0 significa sia combattere le isole di calore, sia offrire alle famiglie, agli anziani e ai ragazzi un luogo fresco e accogliente in cui vivere la citt\u00e0.&#8221;<\/p>\n<p style=\"font-weight: 400\"><strong>Il progetto<\/strong><\/p>\n<p style=\"font-weight: 400\">Il disegno approvato dalla giunta prevede innanzitutto la realizzazione di nuovi percorsi drenanti e privi di barriere architettoniche, che collegheranno l\u2019ingresso alle varie aree del parco e ne consentiranno una fruizione agevole anche dopo le piogge. Le superfici permeabili, insieme a fasce verdi capaci di raccogliere e filtrare le acque anche dopo intense perturbazioni, contribuiranno a prevenire ristagni e allagamenti, favorendo il naturale assorbimento dell\u2019acqua nel terreno.<\/p>\n<p style=\"font-weight: 400\">L\u2019attuale area giochi sar\u00e0 completamente rinnovata con attrezzature inclusive, utilizzabili anche da bambini con disabilit\u00e0, e con una pavimentazione antitrauma. Il campo da basket sar\u00e0 invece riqualificato e trasformato in un campo da baskin, disciplina che permette a persone con e senza disabilit\u00e0 di giocare nello stesso contesto. Il vecchio campo da bocce dismesso sar\u00e0 rimosso e lo spazio recuperato diventer\u00e0 un\u2019area aperta a iniziative di varia natura.<\/p>\n<p style=\"font-weight: 400\">Infine la sicurezza. La recinzione perimetrale, oggi incompleta e discontinua, sar\u00e0 ristrutturata e integrata. Gli accessi saranno resi pi\u00f9 riconoscibili e sar\u00e0 installato un sistema di videosorveglianza con telecamere ad alta definizione e visione notturna.<\/p>\n<p style=\"font-weight: 400\">Il parco, attualmente privo di illuminazione pubblica, sar\u00e0 dotato di nuovi punti luce a LED. L\u2019impianto consentir\u00e0 di migliorare la visibilit\u00e0 e la sicurezza nelle ore serali, estendendo le possibilit\u00e0 di utilizzo dello spazio. Sensori di movimento e sistemi programmabili permetteranno allo stesso tempo di contenere i consumi energetici e limitare l\u2019inquinamento luminoso.<\/p>\n<p style=\"font-weight: 400\">Il progetto comprende, naturalmente, anche la cura e la valorizzazione delle alberature presenti, nuove piantumazioni con specie autoctone e la creazione di nuove bordature con piante, pensate per offrire nutrimento agli insetti impollinatori. Tutto questo per aumentare la biodiversit\u00e0, aumentare le zone d\u2019ombra e contrastare le isole di calore.<\/p>\n<p style=\"font-weight: 400\">Panchine, cestini e rastrelliere per le biciclette saranno infine ricollocati in modo pi\u00f9 organico, vicino ai percorsi, alle aree maggiormente frequentate e ai nuovi punti luce. Anche la fontanella esistente sar\u00e0 collegata ai percorsi accessibili e adeguata per evitare sprechi d\u2019acqua.<\/p>\n","protected":false},"excerpt":{"rendered":"<p>La Giunta comunale ha approvato il primo step progettuale per la riqualificazione del parco &#8220;Umberto Saba&#8221; di via Vincenzo Joppi. L\u2019intervento punta a trasformare un\u2019area verde di circa 10 mila metri quadrati, oggi sottoutilizzata, in un parco contemporaneo e multifunzionale in linea con altre aree verdi riqualificate della citt\u00e0, che possa favorire la socialit\u00e0 e ospitare giochi e sport. Si tratta di un\u2019operazione del valore di 340 mila euro, sostenuta da un contributo della Regione FVG. Come da cronoprogramma approvato, i lavori dovrebbero iniziare in primavera 2027. Il parco si trova in un contesto densamente abitato, tra via della Valle, [&hellip;]<\/p>\n","protected":false},"author":3,"featured_media":14827,"comment_status":"open","ping_status":"open","sticky":false,"template":"","format":"standard","meta":{"footnotes":""},"categories":[3],"tags":[],"class_list":["post-14826","post","type-post","status-publish","format-standard","has-post-thumbnail","hentry","category-fashion"],"_links":{"self":[{"href":"https:\/\/friulitv24.it\/index.php?rest_route=\/wp\/v2\/posts\/14826","targetHints":{"allow":["GET"]}}],"collection":[{"href":"https:\/\/friulitv24.it\/index.php?rest_route=\/wp\/v2\/posts"}],"about":[{"href":"https:\/\/friulitv24.it\/index.php?rest_route=\/wp\/v2\/types\/post"}],"author":[{"embeddable":true,"href":"https:\/\/friulitv24.it\/index.php?rest_route=\/wp\/v2\/users\/3"}],"replies":[{"embeddable":true,"href":"https:\/\/friulitv24.it\/index.php?rest_route=%2Fwp%2Fv2%2Fcomments&post=14826"}],"version-history":[{"count":1,"href":"https:\/\/friulitv24.it\/index.php?rest_route=\/wp\/v2\/posts\/14826\/revisions"}],"predecessor-version":[{"id":14828,"href":"https:\/\/friulitv24.it\/index.php?rest_route=\/wp\/v2\/posts\/14826\/revisions\/14828"}],"wp:featuredmedia":[{"embeddable":true,"href":"https:\/\/friulitv24.it\/index.php?rest_route=\/wp\/v2\/media\/14827"}],"wp:attachment":[{"href":"https:\/\/friulitv24.it\/index.php?rest_route=%2Fwp%2Fv2%2Fmedia&parent=14826"}],"wp:term":[{"taxonomy":"category","embeddable":true,"href":"https:\/\/friulitv24.it\/index.php?rest_route=%2Fwp%2Fv2%2Fcategories&post=14826"},{"taxonomy":"post_tag","embeddable":true,"href":"https:\/\/friulitv24.it\/index.php?rest_route=%2Fwp%2Fv2%2Ftags&post=14826"}],"curies":[{"name":"wp","href":"https:\/\/api.w.org\/{rel}","templated":true}]}}