{"id":14823,"date":"2026-09-01T16:52:05","date_gmt":"2026-09-01T14:52:05","guid":{"rendered":"https:\/\/friulitv24.it\/?p=14823"},"modified":"2026-09-01T16:52:05","modified_gmt":"2026-09-01T14:52:05","slug":"ordinanza-urgente-del-sindaco-luca-fasan-interventi-a-seguito-di-un-caso-accertato-di-dengue","status":"publish","type":"post","link":"https:\/\/friulitv24.it\/?p=14823","title":{"rendered":"Ordinanza urgente del sindaco Luca Fasan: interventi a seguito di un caso accertato di dengue"},"content":{"rendered":"<p>A seguito della segnala\u200bzione da parte di ASUGI di un caso accertato di dengue riguardante un residente rientrato da poco dall\u2019estero, il sindaco Luca Fasan ha emesso un\u2019ordinanza urgente contenente le\u200b disposizioni previste dai piani regionale e nazionale per affrontare la situazione. La zona interessata \u00e8 quella di via Don Fanin e delle aree circostanti, per un raggio di 200 metri, e comprende, oltre agli edifici residenziali, gli spazi all\u2019aperto e le attivit\u00e0 produttive, ricreative e sportive.<\/p>\n<p>In coordinamento con ASUGI \u00e8 stato organizzato un trattamento di disinfestazione, che sar\u00e0 eseguito da una societ\u00e0 specializzata tra gioved\u00ec 3 e sabato 5 settembre. Nello specifico, la disinfestazione antivirale porta a porta sar\u00e0 avviata alle ore 8 di gioved\u00ec, cos\u00ec come quella antilarvale n\u200bei fossati. Nelle notti comprese tra gioved\u00ec e sabato, dalle ore 1 alle ore 5, si svolger\u00e0 invece la disinfestazione adulticida.<\/p>\n<p>\u201cAppena ricevuta l\u2019informazione \u2013 ha dichiarato il sindaco Luca Fasan \u2013 mi sono attivato con il dipartimento di ASUGI diretto dalla dott.ssa Ariella Breda, che ringrazio per la fattiva collaborazione, al fine di organizzare le misure necessarie a prevenire la diffusione di questa malattia virale, trasmessa attraverso la puntura di zanzare infette. Nell\u2019area interessata, la ditta incaricata collocher\u00e0 appositi cartelli informativi relativi al trattamento previsto. In ogni caso, nell\u2019ordinanza ho disposto che, durante la disinfestazione, si rimanga al chiuso, con le finestre e le porte ben chiuse, sospendendo il funzionamento degli impianti di ricambio dell\u2019aria. Ho inoltre invitato i cittadini a raccogliere preventivamente la verdura e la frutta presenti negli orti o, in alternativa, a proteggere le piante\u201d.<\/p>\n<p>L\u2019ordinanza del sindaco prevede inoltre che gli animali domestici siano tenuti al chiuso e che i loro ricoveri e le suppellettili siano protetti con teli di plastica. Dopo il trattamento si dovr\u00e0 procedere, utilizzando guanti lavabili, alla pulizia dei mobili e dei giochi dei bambini lasciati all\u2019esterno ed esposti al prodotto. In caso di contatto accidentale con l\u2019insetticida, la parte interessata dovr\u00e0 essere lavata abbondantemente con acqua e sapone.<\/p>\n<p>Nell\u2019area interessata \u00e8 stata stabilita una serie di misure da adottare anche nelle prossime settimane: evitare qualsiasi raccolta di acqua stagnante e l\u2019abbandono, definitivo o temporaneo, negli spazi aperti pubblici e privati, compresi terrazzi, balconi e lastrici solari, di contenitori di qualsiasi natura e dimensione nei quali possa raccogliersi l\u2019acqua piovana; nel caso di contenitori non abbandonati, svuotare l\u2019eventuale acqua presente e sistemarli in modo da evitare la formazione di raccolte di acqua piovana, procedendo alla loro chiusura con una rete zanzariera o con un coperchio a tenuta ed evitando di versare l\u2019acqua nei tombini; mantenere i cortili e le aree aperte sgombri da erbacce, sterpi e rifiuti di ogni genere, sistemandoli in modo da evitare il ristagno delle acque meteoriche o provenienti da altre fonti; provvedere, nei cortili e nei terreni scoperti, al taglio periodico dell\u2019erba, per non favorire l\u2019annidamento delle zanzare adulte; sistemare tutti i contenitori e gli altri materiali, come i teli di plastica, in modo da evitare la formazione di raccolte d\u2019acqua in caso di pioggia; infine, stoccare i copertoni, dopo averli svuotati da eventuali raccolte d\u2019acqua presenti al loro interno, in luoghi coperti o in contenitori dotati di coperchio oppure, se lasciati all\u2019aperto, proteggerli con teli impermeabili, in modo da impedire la formazione di raccolte d\u2019acqua al loro interno.<\/p>\n","protected":false},"excerpt":{"rendered":"<p>A seguito della segnala\u200bzione da parte di ASUGI di un caso accertato di dengue riguardante un residente rientrato da poco dall\u2019estero, il sindaco Luca Fasan ha emesso un\u2019ordinanza urgente contenente le\u200b disposizioni previste dai piani regionale e nazionale per affrontare la situazione. La zona interessata \u00e8 quella di via Don Fanin e delle aree circostanti, per un raggio di 200 metri, e comprende, oltre agli edifici residenziali, gli spazi all\u2019aperto e le attivit\u00e0 produttive, ricreative e sportive. In coordinamento con ASUGI \u00e8 stato organizzato un trattamento di disinfestazione, che sar\u00e0 eseguito da una societ\u00e0 specializzata tra gioved\u00ec 3 e sabato [&hellip;]<\/p>\n","protected":false},"author":3,"featured_media":14824,"comment_status":"open","ping_status":"open","sticky":false,"template":"","format":"standard","meta":{"footnotes":""},"categories":[3],"tags":[],"class_list":["post-14823","post","type-post","status-publish","format-standard","has-post-thumbnail","hentry","category-fashion"],"_links":{"self":[{"href":"https:\/\/friulitv24.it\/index.php?rest_route=\/wp\/v2\/posts\/14823","targetHints":{"allow":["GET"]}}],"collection":[{"href":"https:\/\/friulitv24.it\/index.php?rest_route=\/wp\/v2\/posts"}],"about":[{"href":"https:\/\/friulitv24.it\/index.php?rest_route=\/wp\/v2\/types\/post"}],"author":[{"embeddable":true,"href":"https:\/\/friulitv24.it\/index.php?rest_route=\/wp\/v2\/users\/3"}],"replies":[{"embeddable":true,"href":"https:\/\/friulitv24.it\/index.php?rest_route=%2Fwp%2Fv2%2Fcomments&post=14823"}],"version-history":[{"count":1,"href":"https:\/\/friulitv24.it\/index.php?rest_route=\/wp\/v2\/posts\/14823\/revisions"}],"predecessor-version":[{"id":14825,"href":"https:\/\/friulitv24.it\/index.php?rest_route=\/wp\/v2\/posts\/14823\/revisions\/14825"}],"wp:featuredmedia":[{"embeddable":true,"href":"https:\/\/friulitv24.it\/index.php?rest_route=\/wp\/v2\/media\/14824"}],"wp:attachment":[{"href":"https:\/\/friulitv24.it\/index.php?rest_route=%2Fwp%2Fv2%2Fmedia&parent=14823"}],"wp:term":[{"taxonomy":"category","embeddable":true,"href":"https:\/\/friulitv24.it\/index.php?rest_route=%2Fwp%2Fv2%2Fcategories&post=14823"},{"taxonomy":"post_tag","embeddable":true,"href":"https:\/\/friulitv24.it\/index.php?rest_route=%2Fwp%2Fv2%2Ftags&post=14823"}],"curies":[{"name":"wp","href":"https:\/\/api.w.org\/{rel}","templated":true}]}}