{"id":14816,"date":"2026-09-01T16:04:17","date_gmt":"2026-09-01T14:04:17","guid":{"rendered":"https:\/\/friulitv24.it\/?p=14816"},"modified":"2026-09-01T16:04:17","modified_gmt":"2026-09-01T14:04:17","slug":"case-di-comunita-i-numeri-dicono-che-iniziano-a-funzionare-le-professioni-sanitarie-e-sociali-ci-lavoriamo-ogni-giorno-i-cittadini-le-stanno-frequentando-il-modello-si-perfeziona-sul-cam","status":"publish","type":"post","link":"https:\/\/friulitv24.it\/?p=14816","title":{"rendered":"Case di comunit\u00e0: i numeri dicono che iniziano a funzionare. Le professioni sanitarie e sociali: \u201cCi lavoriamo ogni giorno, i cittadini le stanno frequentando. Il modello si perfeziona sul campo, non a tavolino\u201d. Ora basta ostacoli sindacali"},"content":{"rendered":"<p>Le Case di comunit\u00e0 iniziano a dare risposte, e lo diciamo con i numeri, non con gli slogan: oltre 20.000 professionisti delle professioni sanitarie e sociali che rappresentiamo ci lavorano ogni giorno nelle Case di comunit\u00e0 del Friuli Venezia Giulia, e danno risposta concreta a quella fetta di bisogno sanitario e sociale \u2014 spesso intrecciato \u2014 con cui i cittadini si presentano. I cittadini stanno imparando a conoscere le Cdc e a frequentarle. Questa \u00e8 la realt\u00e0 sul campo, non un\u2019opinione.<br \/>\nIl modello \u00e8 certamente perfettibile. Ma lo si perfeziona lavorandoci dentro, correggendo quello che non va man mano che emerge, non restando fermi in attesa dell\u2019accordo ideale mentre il sistema continua a perdere pezzi.<br \/>\nIl punto di fondo, del resto, \u00e8 semplice: il modello delle cure primarie non pu\u00f2 pi\u00f9 coincidere con un\u2019unica figura, quella del medico di medicina generale. Deve essere un modello di team interprofessionali, dove infermieri, fisioterapisti, professionisti sanitari e tecnici della riabilitazione e della prevenzione, ostetriche e assistenti sociali condividono con il medico la responsabilit\u00e0 della presa in carico. Continuare a pensare le cure primarie attorno a un solo professionista significa restare ancorati a un\u2019idea di salute che i bisogni reali dei cittadini hanno gi\u00e0 superato.<br \/>\nIn questa regione, peraltro, questo modo di lavorare insieme esisteva gi\u00e0, nei fatti, prima ancora di essere formalizzato: \u00e8 un lavoro silenzioso ma essenziale, che i professionisti sanitari e sociali portano avanti da tempo sul territorio. Oggi si tratta semplicemente di recepirlo e metterlo nero su bianco, in coerenza con la normativa nazionale. Questo lavoro non pu\u00f2 essere messo in discussione, n\u00e9 tenuto in ostaggio di una vertenza sindacale che riguarda altro.<br \/>\nMa proprio per questo va detto con altrettanta chiarezza anche ai professionisti che qui rappresentiamo: se il metodo diventasse solo alzare la voce, e ventimila persone si mettessero a rivendicare esclusivamente diritti, senza un pari senso del dovere, il problema si sposterebbe semplicemente di lato. Serve responsabilit\u00e0, da tutte le parti in causa, non solo pretese.<br \/>\nI medici di medicina generale devono esserci, e la maggior parte di loro lo sa bene: sa che questo modello ha bisogno di interprofessionalit\u00e0 reale, non di silos sterili separati gli uni dagli altri. Ma se una parte della rappresentanza sindacale continua a frenare, il servizio sanitario regionale ha le risorse professionali per trovare comunque una soluzione organizzativa: il Friuli Venezia Giulia non manca di medici. Le risposte ai cittadini non possono restare subordinate a un balletto sindacale che si trascina da mesi.<br \/>\nAi sindacati che ancora oggi frenano diciamo con chiarezza: \u00e8 il tempo delle innovazioni, non quello delle resistenze. Smettetela di mettere ostacoli! La parte pi\u00f9 consistente del sistema \u00e8 gi\u00e0 pronta a lavorare con questo modello, che ha un quadro normativo nazionale ben definito.<\/p>\n<p><strong>Sottoscrivono:<\/strong><\/p>\n<p>Coordinamento regionale degli Ordini delle Professioni Infermieristiche (OPI TS, GO, UD, PN) Dott. Luciano Clarizia<\/p>\n<p>Ordine Regionale dei Fisioterapisti FVG Dott.ssa Melania Salina<\/p>\n<p>Ordine dei Tecnici Sanitari di Radiologia Medica e delle Professioni Tecniche, della Riabilitazione e della Prevenzione del FVG Dott. Marvin Rida<\/p>\n<p>Ordine della Professione Ostetrica UD-PN Dott.ssa Patrizia Milia<\/p>\n<p>Ordine della Professione Ostetrica TS-GO Dott.ssa Maura Degrassi<\/p>\n<p>Ordine Assistenti Sociali FVG Dott.ssa Susanna Cilitti<\/p>\n","protected":false},"excerpt":{"rendered":"<p>Le Case di comunit\u00e0 iniziano a dare risposte, e lo diciamo con i numeri, non con gli slogan: oltre 20.000 professionisti delle professioni sanitarie e sociali che rappresentiamo ci lavorano ogni giorno nelle Case di comunit\u00e0 del Friuli Venezia Giulia, e danno risposta concreta a quella fetta di bisogno sanitario e sociale \u2014 spesso intrecciato \u2014 con cui i cittadini si presentano. I cittadini stanno imparando a conoscere le Cdc e a frequentarle. Questa \u00e8 la realt\u00e0 sul campo, non un\u2019opinione. Il modello \u00e8 certamente perfettibile. Ma lo si perfeziona lavorandoci dentro, correggendo quello che non va man mano che [&hellip;]<\/p>\n","protected":false},"author":3,"featured_media":0,"comment_status":"open","ping_status":"open","sticky":false,"template":"","format":"standard","meta":{"footnotes":""},"categories":[3],"tags":[],"class_list":["post-14816","post","type-post","status-publish","format-standard","hentry","category-fashion"],"_links":{"self":[{"href":"https:\/\/friulitv24.it\/index.php?rest_route=\/wp\/v2\/posts\/14816","targetHints":{"allow":["GET"]}}],"collection":[{"href":"https:\/\/friulitv24.it\/index.php?rest_route=\/wp\/v2\/posts"}],"about":[{"href":"https:\/\/friulitv24.it\/index.php?rest_route=\/wp\/v2\/types\/post"}],"author":[{"embeddable":true,"href":"https:\/\/friulitv24.it\/index.php?rest_route=\/wp\/v2\/users\/3"}],"replies":[{"embeddable":true,"href":"https:\/\/friulitv24.it\/index.php?rest_route=%2Fwp%2Fv2%2Fcomments&post=14816"}],"version-history":[{"count":1,"href":"https:\/\/friulitv24.it\/index.php?rest_route=\/wp\/v2\/posts\/14816\/revisions"}],"predecessor-version":[{"id":14817,"href":"https:\/\/friulitv24.it\/index.php?rest_route=\/wp\/v2\/posts\/14816\/revisions\/14817"}],"wp:attachment":[{"href":"https:\/\/friulitv24.it\/index.php?rest_route=%2Fwp%2Fv2%2Fmedia&parent=14816"}],"wp:term":[{"taxonomy":"category","embeddable":true,"href":"https:\/\/friulitv24.it\/index.php?rest_route=%2Fwp%2Fv2%2Fcategories&post=14816"},{"taxonomy":"post_tag","embeddable":true,"href":"https:\/\/friulitv24.it\/index.php?rest_route=%2Fwp%2Fv2%2Ftags&post=14816"}],"curies":[{"name":"wp","href":"https:\/\/api.w.org\/{rel}","templated":true}]}}