{"id":14807,"date":"2026-08-31T11:19:34","date_gmt":"2026-08-31T09:19:34","guid":{"rendered":"https:\/\/friulitv24.it\/?p=14807"},"modified":"2026-08-31T11:19:34","modified_gmt":"2026-08-31T09:19:34","slug":"io-giro-friuli-venezia-giulia-presentata-ufficialmente-la-manifestazione-a-gemona-del-friuli","status":"publish","type":"post","link":"https:\/\/friulitv24.it\/?p=14807","title":{"rendered":"IO GIRO FRIULI VENEZIA GIULIA. Presentata ufficialmente la\u00a0 manifestazione a Gemona del Friuli\u00a0\u00a0"},"content":{"rendered":"<p><span style=\"font-weight: 400\">GEMONA DEL FRIULI (UD) \u2013 Si alza il sipario sulla corsa ciclistica <\/span><b>IO GIRO FRIULI VENEZIA\u00a0 GIULIA<\/b><span style=\"font-weight: 400\">, il Giro della regione Friuli Venezia Giulia \u00c9lite ed Under 23 che si terr\u00e0 dal <\/span><b>3 al 6\u00a0 settembre 2026 <\/b><span style=\"font-weight: 400\">e che attirer\u00e0 in regione i pi\u00f9 grandi talenti del ciclismo mondiale. La gara a\u00a0 tappe pi\u00f9 antica d\u2019Italia \u00e8 stata infatti presentata ufficialmente alla <\/span><b>Sede della Comunit\u00e0 di\u00a0 Montagna del Gemonese <\/b><span style=\"font-weight: 400\">in una gradevole serata organizzata dalla Libertas Ceresetto, societ\u00e0\u00a0 organizzatrice rappresentata dal presidente <\/span><b>Andrea Cecchini<\/b><span style=\"font-weight: 400\">, da l\u2019ex professionista <\/span><b>Christian\u00a0 Murro <\/b><span style=\"font-weight: 400\">e da <\/span><b>Fulvio Bulfoni <\/b><span style=\"font-weight: 400\">e che \u00e8 stata accolta da <\/span><b>Alessandro Marangoni, <\/b><span style=\"font-weight: 400\">presidente\u00a0 Comunit\u00e0 di Montagna del Gemonese.\u00a0<\/span><\/p>\n<p><b>IL RICORDO DEL TERREMOTO DEL 1976\u00a0<\/b><\/p>\n<p><span style=\"font-weight: 400\">Un luogo fortemente simbolico per una gara che quest\u2019anno si \u00e8 rinnovata con nuovo nome,\u00a0 nuovo logo e nuovo rebranding, ma che non tradisce le proprie radici e la storia della Regione che proprio nel 2026 ricorda il triste anniversario del terremoto del 1976.\u00a0\u00a0<\/span><\/p>\n<p><span style=\"font-weight: 400\">&#8220;Siamo in un posto simbolico, a Gemona del Friuli, che riporta il nostro pensiero indietro, al\u00a0 1976, anno del terribile terremoto \u2013 spiega <\/span><b>Andrea Cecchini <\/b><span style=\"font-weight: 400\">\u2013 questo \u00e8 un luogo che ha saputo\u00a0 trovare energie per rinascere e che per questo ci d\u00e0 una straordinaria motivazione per portare\u00a0 avanti il lavoro di allestimento di questa manifestazione. Ringraziamo le Amministrazioni\u00a0 comunali, i nostri sponsor e la Regione Friuli Venezia Giulia, che ci accompagnano e condividono\u00a0 con noi il percorso.\u201d\u00a0<\/span><\/p>\n<p><span style=\"font-weight: 400\">Per onorare al meglio l\u2019anniversario e porre attenzione alla dimensione culturale dell\u2019evento,\u00a0 durante la serata \u00e8 intervenuta anche la giornalista e scrittrice <\/span><b>Paola Treppo<\/b><span style=\"font-weight: 400\">, che ha presentato\u00a0 il suo libro &#8220;E ven la fin dal mont&#8221;, dedicato ai bambini coinvolti nel sisma del 1976.<\/span><\/p>\n<p><b>\u201cIO GIRO FRIULI VENEZIA GIULIA\u201d NEL DNA DELLA REGIONE\u00a0<\/b><\/p>\n<p><span style=\"font-weight: 400\">Come sottolineato pi\u00f9 volte nella serata, <\/span><b>IO GIRO FRIULI VENEZIA GIULIA <\/b><span style=\"font-weight: 400\">\u00e8 sempre pi\u00f9 evento\u00a0 identitario di una regione, quella del Friuli Venezia-Giulia, rappresentata politicamente per\u00a0 l\u2019occasione dall\u2019assessore regionale <\/span><b>Barbara Zilli.\u00a0<\/b><\/p>\n<p><span style=\"font-weight: 400\">&#8220;Questa manifestazione racchiude l&#8217;essenza della nostra terra \u2013 ha spiegato <\/span><b>Barbara Zilli <\/b><span style=\"font-weight: 400\">&#8211; un\u00a0 territorio che sa unirsi, che promuove le proprie eccellenze e che esalta lo sport come veicolo di\u00a0 attrattivit\u00e0 e valorizzazione turistica. Nel cinquantesimo anniversario del terremoto questa\u00a0 competizione \u00e8 un altro simbolico omaggio alla tenacia del popolo friulano e alla sua rinascita. Il\u00a0 Friuli &#8211; Venezia Giulia ha una lunga e prestigiosa tradizione ciclistica e anche questa\u00a0 competizione ha saputo far emergere grandi talenti internazionali, fino a vedere trionfare\u00a0 campioni come <\/span><b>Tadej Pogacar<\/b><span style=\"font-weight: 400\">. Ma dietro questi risultati ci sono soprattutto passione, rigore e\u00a0 un grande lavoro quotidiano: un impegno che oggi si traduce in un ricco vivaio di giovani\u00a0 promettenti talenti e grandissimi campioni, come <\/span><b>Jonathan Milan<\/b><span style=\"font-weight: 400\">, che continuano a darci grandi\u00a0 soddisfazioni. La Regione \u00e8 al fianco di manifestazioni come <\/span><b>&#8220;IO GIRO FRIULI VENEZIA GIULIA&#8221; <\/b><span style=\"font-weight: 400\">e di societ\u00e0 profondamente radicate nel territorio come la <\/span><b>Libertas Ceresetto<\/b><span style=\"font-weight: 400\">. Investire nello\u00a0 sport giovanile e nei grandi eventi significa investire sul futuro delle nostre comunit\u00e0 e sulla\u00a0 capacit\u00e0 del Friuli Venezia Giulia di farsi conoscere e apprezzare&#8221;.\u00a0<\/span><\/p>\n<p><b>\u201cIO GIRO FRIULI VENEZIA GIULIA\u201d E LA VALORIZZAZIONE DEL TERRITORIO <\/b><span style=\"font-weight: 400\">Come sempre, il comitato organizzatore di IO GIRO FRIULI VENEZIA GIULIA lavorer\u00e0 con grande impegno per la promozione turistica di un territorio affascinante e sempre pi\u00f9 amato in tutto il\u00a0 mondo, ponendo in particolare rilievo le localit\u00e0 di partenza e arrivo di ciascuna delle quattro\u00a0 tappe previste. Per questo erano presenti alla serata il sindaco Muzzana del Turgnano <\/span><b>Genziana\u00a0 Buffon<\/b><span style=\"font-weight: 400\">, il sindaco di Pocenia <\/span><b>Debora Furlan<\/b><span style=\"font-weight: 400\">, il sindaco di Martignacco <\/span><b>Mauro Delendi<\/b><span style=\"font-weight: 400\">, il\u00a0 sindaco di Ravascletto <\/span><b>Ermes De Crignis<\/b><span style=\"font-weight: 400\">, il vice sindaco di Latisana <\/span><b>Ezio Simonin<\/b><span style=\"font-weight: 400\">, il vice\u00a0 sindaco di Tarcento <\/span><b>Luca Toso<\/b><span style=\"font-weight: 400\">, l\u2019assessore di Cervignano del Friuli <\/span><b>Barbara Nalon <\/b><span style=\"font-weight: 400\">e il sindaco\u00a0 di Brugnera <\/span><b>Renzo Dolfi<\/b><span style=\"font-weight: 400\">.\u00a0<\/span><\/p>\n<p><span style=\"font-weight: 400\">Tutti i rappresentanti delle ammistrazioni dei Comuni di partenza e arrivo di ogni tappa hanno\u00a0 ascoltato con attenzione le parole di <\/span><b>Christian Murro <\/b><span style=\"font-weight: 400\">che ha illustrato dal punto di vista tecnico\u00a0 il percorso:\u00a0<\/span><\/p>\n<p><span style=\"font-weight: 400\">&#8220;Dopo l&#8217;incidente del 2025, l&#8217;attenzione alla sicurezza del percorso \u00e8 diventato un elemento\u00a0 ancora pi\u00f9 importante e prioritario, rispetto a quanto gi\u00e0 non fosse negli anni precedenti \u2013 ha\u00a0 spiegato Murro &#8211; assieme alle forze dell&#8217;ordine e agli uffici comunali abbiamo lavorato molto e\u00a0 tutti insieme abbiamo fatto rete per arrivare al miglior risultato possibile.\u00a0\u00a0<\/span><\/p>\n<p><span style=\"font-weight: 400\">La prima tappa, da Muzzana del Turgnano a Pocenia sar\u00e0 velocissima. La seconda tappa, da\u00a0 Martignacco a Ravascletto \u00e8 la classica frazione di montagna, con la forcella dei Pani che l&#8217;anno\u00a0 scorso non siamo riusciti ad apprezzare: salita corta e micidiale e la discesa, molto tecnica,\u00a0 creer\u00e0 problemi ai ciclisti quanto la salita. La terza tappa, da Latisana a Tarcento sar\u00e0, secondo\u00a0 me, la tappa pi\u00f9 difficile perch\u00e9 ci sono salite impegnative: la tappa precedente far\u00e0 le prime\u00a0 selezioni, la terza frazione dar\u00e0 le indicazioni decisive. L&#8217;ultima tappa, da Cervignano del Friuli a\u00a0 Brugnera, se la classifica sar\u00e0 ancora corta, potrebbe riservare sorprese. Il nuovo brand &#8220;<\/span><b>IO\u00a0 GIRO FRIULI VENEZIA GIULIA<\/b><span style=\"font-weight: 400\">&#8221; rientra nella nostra volont\u00e0 di identificare ancora di pi\u00f9 questa\u00a0 corsa con il territorio e la Regione. Con i Comuni condividiamo un grande entusiasmo&#8221;.\u00a0<\/span><\/p>\n<p><b>F.C.I. VICINA A \u201cIO GIRO FRIULI VENEZIA GIULIA\u201d\u00a0<\/b><\/p>\n<p><span style=\"font-weight: 400\">L\u2019eccellenza della proposta sportiva di IO GIRO FRIULI VENEZIA GIULIA \u00e8 stata suggellata e\u00a0 sottolineata dalla presenza di tante autorit\u00e0 del mondo ciclistico. Infatti nella serata ufficiale di\u00a0 presentazione erano presenti il vice presidente FCI Nazionale <\/span><b>Stefano Bandolin<\/b><span style=\"font-weight: 400\">, il presidente\u00a0 FCI Friuli-Venezia Giulia <\/span><b>Stefano Bevilacqua <\/b><span style=\"font-weight: 400\">e il campione olimpico oggi tecnico FCI <\/span><b>Elia\u00a0 Viviani.\u00a0\u00a0<\/b><\/p>\n<p><span style=\"font-weight: 400\">&#8220;La Federazione Ciclistica Italiana riconosce in questo evento, che oggi iniziamo a chiamare con\u00a0 la nuova denominazione di IO GIRO FRIULI VENEZIA GIULIA, come la manifestazione italiana pi\u00f9\u00a0 antica, dedicata alla categoria \u2013 ha detto <\/span><b>Stefano Bandolin <\/b><span style=\"font-weight: 400\">\u2013 \u00e8 un giro bellissimo, le tappe sono\u00a0 spettacolari. Peraltro, non ha mai vinto un atleta friulano e chiss\u00e0 che non possa succedere prima\u00a0\u00a0<\/span><span style=\"font-weight: 400\">o poi. Facciamo un grande in bocca al lupo a tutti i partecipanti e alla Libertas Ceresetto per\u00a0 l&#8217;organizzazione&#8221;.\u00a0<\/span><\/p>\n<p><span style=\"font-weight: 400\">Gli fa eco anche <\/span><b>Elia Viviani <\/b><span style=\"font-weight: 400\">che ha sottolineato quanto IO GIRO FRIULI VENEZIA GIULIA sia\u00a0 strategico per avere indicazioni per la Nazionale Italiana:\u00a0\u00a0<\/span><\/p>\n<p><span style=\"font-weight: 400\">&#8220;Ho corso solo un paio d&#8217;anni tra gli under23 e non ho partecipato a questa corsa \u2013 ha detto\u00a0 Viviani &#8211; devo dire che IO GIRO FRIULI VENEZIA GIULIA cade nel calendario in maniera perfetta,\u00a0 a pochi giorni dal Mondiale, ed \u00e8 utile per valutare tanti atleti di categoria. Il Giro \u00e8 disegnato\u00a0 bene, ci saranno tanti team Devo e sar\u00e0 interessante: diversi atleti nella lista di <\/span><b>Marino Amadori <\/b><span style=\"font-weight: 400\">avranno modo di mettersi in luce. Nomi? C&#8217;\u00e8 un bel gruppo di giovani ciclisti tutti da osservare,\u00a0<\/span><span style=\"font-weight: 400\">da Milesi a Magagnotti, a Dati, a tanti altri. In Friuli-Venezia Giulia mi trovo sempre bene: \u00e8 una\u00a0 regione molto bike friendly, con bellissimi percorsi, anche gravel.\u00a0\u00a0<\/span><\/p>\n<p><span style=\"font-weight: 400\">Negli anni \u00e8 stato fatto un ottimo lavoro, con il Giro d&#8217;Italia e tutte le manifestazioni sportive che\u00a0 hanno portato la giusta cultura e ottime strutture&#8221;.\u00a0<\/span><\/p>\n","protected":false},"excerpt":{"rendered":"<p>GEMONA DEL FRIULI (UD) \u2013 Si alza il sipario sulla corsa ciclistica IO GIRO FRIULI VENEZIA\u00a0 GIULIA, il Giro della regione Friuli Venezia Giulia \u00c9lite ed Under 23 che si terr\u00e0 dal 3 al 6\u00a0 settembre 2026 e che attirer\u00e0 in regione i pi\u00f9 grandi talenti del ciclismo mondiale. La gara a\u00a0 tappe pi\u00f9 antica d\u2019Italia \u00e8 stata infatti presentata ufficialmente alla Sede della Comunit\u00e0 di\u00a0 Montagna del Gemonese in una gradevole serata organizzata dalla Libertas Ceresetto, societ\u00e0\u00a0 organizzatrice rappresentata dal presidente Andrea Cecchini, da l\u2019ex professionista Christian\u00a0 Murro e da Fulvio Bulfoni e che \u00e8 stata accolta da Alessandro [&hellip;]<\/p>\n","protected":false},"author":3,"featured_media":14808,"comment_status":"open","ping_status":"open","sticky":false,"template":"","format":"standard","meta":{"footnotes":""},"categories":[3,2],"tags":[],"class_list":["post-14807","post","type-post","status-publish","format-standard","has-post-thumbnail","hentry","category-fashion","category-sport"],"_links":{"self":[{"href":"https:\/\/friulitv24.it\/index.php?rest_route=\/wp\/v2\/posts\/14807","targetHints":{"allow":["GET"]}}],"collection":[{"href":"https:\/\/friulitv24.it\/index.php?rest_route=\/wp\/v2\/posts"}],"about":[{"href":"https:\/\/friulitv24.it\/index.php?rest_route=\/wp\/v2\/types\/post"}],"author":[{"embeddable":true,"href":"https:\/\/friulitv24.it\/index.php?rest_route=\/wp\/v2\/users\/3"}],"replies":[{"embeddable":true,"href":"https:\/\/friulitv24.it\/index.php?rest_route=%2Fwp%2Fv2%2Fcomments&post=14807"}],"version-history":[{"count":1,"href":"https:\/\/friulitv24.it\/index.php?rest_route=\/wp\/v2\/posts\/14807\/revisions"}],"predecessor-version":[{"id":14809,"href":"https:\/\/friulitv24.it\/index.php?rest_route=\/wp\/v2\/posts\/14807\/revisions\/14809"}],"wp:featuredmedia":[{"embeddable":true,"href":"https:\/\/friulitv24.it\/index.php?rest_route=\/wp\/v2\/media\/14808"}],"wp:attachment":[{"href":"https:\/\/friulitv24.it\/index.php?rest_route=%2Fwp%2Fv2%2Fmedia&parent=14807"}],"wp:term":[{"taxonomy":"category","embeddable":true,"href":"https:\/\/friulitv24.it\/index.php?rest_route=%2Fwp%2Fv2%2Fcategories&post=14807"},{"taxonomy":"post_tag","embeddable":true,"href":"https:\/\/friulitv24.it\/index.php?rest_route=%2Fwp%2Fv2%2Ftags&post=14807"}],"curies":[{"name":"wp","href":"https:\/\/api.w.org\/{rel}","templated":true}]}}