{"id":13818,"date":"2026-04-30T18:25:14","date_gmt":"2026-04-30T16:25:14","guid":{"rendered":"https:\/\/friulitv24.it\/?p=13818"},"modified":"2026-04-30T18:25:14","modified_gmt":"2026-04-30T16:25:14","slug":"sicurezza-sul-lavoro-e-prevenzione-incendi-ampia-partecipazione-allincontro-confcommercio-a-lignano","status":"publish","type":"post","link":"https:\/\/friulitv24.it\/?p=13818","title":{"rendered":"Sicurezza sul lavoro e prevenzione incendi, ampia partecipazione all\u2019incontro Confcommercio a Lignano"},"content":{"rendered":"<p style=\"font-weight: 400\">Grande partecipazione e forte interesse da parte delle imprese del territorio all\u2019incontro promosso da Confcommercio Udine a Lignano e dedicato a sicurezza nei luoghi di lavoro e prevenzione incendi. A dare particolare rilievo all\u2019appuntamento, per la prima volta la presenza del comandante provinciale dei Vigili del Fuoco di Udine, Alessandra Basci\u00e0, intervenuta per offrire un contributo diretto su responsabilit\u00e0, adempimenti e corretta gestione della sicurezza nelle attivit\u00e0 economiche.<\/p>\n<p style=\"font-weight: 400\">L\u2019iniziativa, ospitata nella Sala Promoturismo di via Latisana, ha richiamato numerosi operatori dei settori turistico, commerciale e della ristorazione, a conferma di quanto il tema sia oggi centrale per le imprese, sia sotto il profilo della tutela di clienti e collaboratori sia per il rispetto delle normative vigenti.<\/p>\n<p style=\"font-weight: 400\">Ad aprire i lavori, i saluti istituzionali del presidente mandamentale di Confcommercio Lignano Loris Salatin, del sindaco di Lignano Laura Giorgi, del vicepresidente di Confcommercio Udine Alessandro Tollon e del direttore di Confcommercio Udine Lorenzo Mazzolini. Dopo l\u2019apprezzatissimo intervento del Comandante Alessandra Bascia, hanno fatto seguito gli approfondimenti tecnici di Federica Tosolini e Alessandro Toppano di\u00a0Terziaria Cat Udine srl, che hanno illustrato il quadro operativo relativo ai principali obblighi normativi e agli strumenti utili per migliorare l\u2019organizzazione interna in materia di sicurezza.<\/p>\n<p style=\"font-weight: 400\">L\u2019incontro si \u00e8 confermato un\u2019importante occasione di aggiornamento e confronto per gli imprenditori lignanesi in vista della stagione estiva, periodo in cui l\u2019aumento delle presenze rende ancora pi\u00f9 strategico garantire standard elevati di prevenzione, controllo e tutela all\u2019interno delle attivit\u00e0.<\/p>\n<p style=\"font-weight: 400\">\n","protected":false},"excerpt":{"rendered":"<p>Grande partecipazione e forte interesse da parte delle imprese del territorio all\u2019incontro promosso da Confcommercio Udine a Lignano e dedicato a sicurezza nei luoghi di lavoro e prevenzione incendi. A dare particolare rilievo all\u2019appuntamento, per la prima volta la presenza del comandante provinciale dei Vigili del Fuoco di Udine, Alessandra Basci\u00e0, intervenuta per offrire un contributo diretto su responsabilit\u00e0, adempimenti e corretta gestione della sicurezza nelle attivit\u00e0 economiche. L\u2019iniziativa, ospitata nella Sala Promoturismo di via Latisana, ha richiamato numerosi operatori dei settori turistico, commerciale e della ristorazione, a conferma di quanto il tema sia oggi centrale per le imprese, sia [&hellip;]<\/p>\n","protected":false},"author":3,"featured_media":13819,"comment_status":"open","ping_status":"open","sticky":false,"template":"","format":"standard","meta":{"footnotes":""},"categories":[3],"tags":[],"class_list":["post-13818","post","type-post","status-publish","format-standard","has-post-thumbnail","hentry","category-fashion"],"_links":{"self":[{"href":"https:\/\/friulitv24.it\/index.php?rest_route=\/wp\/v2\/posts\/13818","targetHints":{"allow":["GET"]}}],"collection":[{"href":"https:\/\/friulitv24.it\/index.php?rest_route=\/wp\/v2\/posts"}],"about":[{"href":"https:\/\/friulitv24.it\/index.php?rest_route=\/wp\/v2\/types\/post"}],"author":[{"embeddable":true,"href":"https:\/\/friulitv24.it\/index.php?rest_route=\/wp\/v2\/users\/3"}],"replies":[{"embeddable":true,"href":"https:\/\/friulitv24.it\/index.php?rest_route=%2Fwp%2Fv2%2Fcomments&post=13818"}],"version-history":[{"count":1,"href":"https:\/\/friulitv24.it\/index.php?rest_route=\/wp\/v2\/posts\/13818\/revisions"}],"predecessor-version":[{"id":13820,"href":"https:\/\/friulitv24.it\/index.php?rest_route=\/wp\/v2\/posts\/13818\/revisions\/13820"}],"wp:featuredmedia":[{"embeddable":true,"href":"https:\/\/friulitv24.it\/index.php?rest_route=\/wp\/v2\/media\/13819"}],"wp:attachment":[{"href":"https:\/\/friulitv24.it\/index.php?rest_route=%2Fwp%2Fv2%2Fmedia&parent=13818"}],"wp:term":[{"taxonomy":"category","embeddable":true,"href":"https:\/\/friulitv24.it\/index.php?rest_route=%2Fwp%2Fv2%2Fcategories&post=13818"},{"taxonomy":"post_tag","embeddable":true,"href":"https:\/\/friulitv24.it\/index.php?rest_route=%2Fwp%2Fv2%2Ftags&post=13818"}],"curies":[{"name":"wp","href":"https:\/\/api.w.org\/{rel}","templated":true}]}}