{"id":13796,"date":"2026-04-29T17:17:04","date_gmt":"2026-04-29T15:17:04","guid":{"rendered":"https:\/\/friulitv24.it\/?p=13796"},"modified":"2026-04-29T17:17:04","modified_gmt":"2026-04-29T15:17:04","slug":"la-protezione-civile-di-palmanova-prende-il-volo-consegnati-i-brevetti-ai-nuovi-piloti-di-droni","status":"publish","type":"post","link":"https:\/\/friulitv24.it\/?p=13796","title":{"rendered":"La Protezione Civile di Palmanova prende il volo: consegnati i brevetti ai nuovi piloti di droni"},"content":{"rendered":"<p style=\"font-weight: 400\">Tecnologia, formazione d\u2019eccellenza e sicurezza del territorio. Sono questi i pilastri della cerimonia che si \u00e8 svolta nella suggestiva Sala Ottagonale del Centro Operativo di Palmanova. Protagonisti della giornata sono stati\u00a0<strong>Marco De Santis e Giacomo Azzani<\/strong>, volontari del Gruppo comunale di Protezione Civile di Palmanova, che hanno ricevuto ufficialmente gli\u00a0<strong>attestati per l\u2019utilizzo di sistemi UAS (Unmanned Aircraft System), comunemente noti come droni<\/strong>.<\/p>\n<p style=\"font-weight: 400\">Alla cerimonia hanno preso parte l\u2019assessore regionale alla Protezione Civile\u00a0<strong>Riccardo Riccardi<\/strong>, insieme ai direttori\u00a0<strong>Amedeo Aristei, Nazareno Candotti, Cristina Trocca e al funzionario Massimo Zia<\/strong>, mentor del percorso formativo.<\/p>\n<p style=\"font-weight: 400\">Diventare piloti di droni in ambito di emergenza non \u00e8 un semplice hobby, ma\u00a0<strong>un impegno tecnico di alto livello. Il percorso completato dai due volontari \u00e8 stato intenso<\/strong>: 7 mesi di addestramento, da giugno 2025 all&#8217;inizio del 2026, 60 ore di formazione divise tra teoria e pratica di volo presso le sedi di Pasian di Pordenone e Palmanova. De Santis e Azzani hanno ottenuto le abilitazioni avanzate A1-A3, A2 e gli scenari standard STS (Teorico e Pratico). I\u00a0<strong>volontari sono ora abilitati a volare non solo in condizioni ordinarie ma anche in scenari critici,<\/strong>\u00a0dove la precisione e il rispetto delle norme di volo sono vitali.<\/p>\n<p style=\"font-weight: 400\">L&#8217;ingresso di queste tecnologie nel Gruppo di Palmanova\u00a0<strong>trasforma radicalmente le capacit\u00e0 di intervento<\/strong>. I droni saranno gli occhi dall&#8217;alto per rilievi e mappature, analisi rapida del territorio dopo eventi atmosferici, incendi boschivi, supporto tecnico per individuare focolai nascosti, ricerca e soccorso, ispezione di aree impervie o pericolose per l&#8217;uomo, supporto alle Forze dell&#8217;Ordine, monitoraggio in tempo reale durante emergenze o grandi eventi.<\/p>\n<p style=\"font-weight: 400\">\u201cPalmanova si conferma un punto di riferimento per la Protezione Civile regionale. Con la qualifica di De Santis e Azzani, la citt\u00e0 pu\u00f2 vantare due dei 39 piloti d&#8217;\u00e9lite formati a livello regionale. \u00c8 un risultato che ci rende profondamente orgogliosi. Contare su volontari cos\u00ec preparati significa elevare gli standard di sicurezza per tutta la nostra comunit\u00e0\u201d,\u00a0<strong>Luca Piani<\/strong>, vicesindaco facente funzioni e\u00a0<strong>Mario Marangoni<\/strong>, assessore comunale alla Protezione Civile.<\/p>\n<p style=\"font-weight: 400\">L&#8217;iniziativa fa parte di una strategia regionale che coinvolge 23 Comuni. A breve, il Gruppo comunale di Palmanova\u00a0<strong>ricever\u00e0 in dotazione nuovi droni di ultima generazione<\/strong>, acquistati dalla Regione che continuer\u00e0 a sostenere il progetto garantendo la manutenzione dei mezzi, la copertura assicurativa e la gestione burocratica sul portale nazionale D-Flight, lasciando ai volontari l&#8217;unico, fondamentale compito: essere pronti a intervenire quando il territorio chiama.<\/p>\n","protected":false},"excerpt":{"rendered":"<p>Tecnologia, formazione d\u2019eccellenza e sicurezza del territorio. Sono questi i pilastri della cerimonia che si \u00e8 svolta nella suggestiva Sala Ottagonale del Centro Operativo di Palmanova. Protagonisti della giornata sono stati\u00a0Marco De Santis e Giacomo Azzani, volontari del Gruppo comunale di Protezione Civile di Palmanova, che hanno ricevuto ufficialmente gli\u00a0attestati per l\u2019utilizzo di sistemi UAS (Unmanned Aircraft System), comunemente noti come droni. Alla cerimonia hanno preso parte l\u2019assessore regionale alla Protezione Civile\u00a0Riccardo Riccardi, insieme ai direttori\u00a0Amedeo Aristei, Nazareno Candotti, Cristina Trocca e al funzionario Massimo Zia, mentor del percorso formativo. Diventare piloti di droni in ambito di emergenza non \u00e8 [&hellip;]<\/p>\n","protected":false},"author":3,"featured_media":13797,"comment_status":"open","ping_status":"open","sticky":false,"template":"","format":"standard","meta":{"footnotes":""},"categories":[3],"tags":[],"class_list":["post-13796","post","type-post","status-publish","format-standard","has-post-thumbnail","hentry","category-fashion"],"_links":{"self":[{"href":"https:\/\/friulitv24.it\/index.php?rest_route=\/wp\/v2\/posts\/13796","targetHints":{"allow":["GET"]}}],"collection":[{"href":"https:\/\/friulitv24.it\/index.php?rest_route=\/wp\/v2\/posts"}],"about":[{"href":"https:\/\/friulitv24.it\/index.php?rest_route=\/wp\/v2\/types\/post"}],"author":[{"embeddable":true,"href":"https:\/\/friulitv24.it\/index.php?rest_route=\/wp\/v2\/users\/3"}],"replies":[{"embeddable":true,"href":"https:\/\/friulitv24.it\/index.php?rest_route=%2Fwp%2Fv2%2Fcomments&post=13796"}],"version-history":[{"count":1,"href":"https:\/\/friulitv24.it\/index.php?rest_route=\/wp\/v2\/posts\/13796\/revisions"}],"predecessor-version":[{"id":13798,"href":"https:\/\/friulitv24.it\/index.php?rest_route=\/wp\/v2\/posts\/13796\/revisions\/13798"}],"wp:featuredmedia":[{"embeddable":true,"href":"https:\/\/friulitv24.it\/index.php?rest_route=\/wp\/v2\/media\/13797"}],"wp:attachment":[{"href":"https:\/\/friulitv24.it\/index.php?rest_route=%2Fwp%2Fv2%2Fmedia&parent=13796"}],"wp:term":[{"taxonomy":"category","embeddable":true,"href":"https:\/\/friulitv24.it\/index.php?rest_route=%2Fwp%2Fv2%2Fcategories&post=13796"},{"taxonomy":"post_tag","embeddable":true,"href":"https:\/\/friulitv24.it\/index.php?rest_route=%2Fwp%2Fv2%2Ftags&post=13796"}],"curies":[{"name":"wp","href":"https:\/\/api.w.org\/{rel}","templated":true}]}}