{"id":13790,"date":"2026-04-29T17:09:18","date_gmt":"2026-04-29T15:09:18","guid":{"rendered":"https:\/\/friulitv24.it\/?p=13790"},"modified":"2026-04-29T17:09:18","modified_gmt":"2026-04-29T15:09:18","slug":"federsolidarieta-fvg-ricavi-per-377-milioni","status":"publish","type":"post","link":"https:\/\/friulitv24.it\/?p=13790","title":{"rendered":"FEDERSOLIDARIET\u00c0 FVG, RICAVI PER 377 MILIONI"},"content":{"rendered":"<div>Ben 158 cooperative con 9.728 addetti; ricavi complessivi a 377 milioni di euro. Sono i dati salienti delle cooperative sociali che aderiscono a Confcooperative in Friuli Venezia Giulia, illustrati in occasione dell\u2019Assemblea svoltasi a Buttrio che ha eletto come neopresidente regionale della federazione di settore Federsolidariet\u00e0 FVG il cinquantenne Luca Sibilla. Un\u2019elezione nel segno della continuit\u00e0 \u2013 Sibilla \u00e8 stato vicepresidente nell\u2019ultimo quadriennio \u2013 da parte dei delegati presenti, dopo i tre mandati dell\u2019isontino Luca Fontana.<\/div>\n<div><\/div>\n<div>\u00abDue le priorit\u00e0 per la cooperazione sociale nei prossimi anni: la prima riguarda la carenza di personale nel settore sociale e sociosanitario. Su questo ci sono confronti aperti e costruttivi, in particolare con la Regione, per individuare delle possibili soluzioni\u00bb, ha dichiarato Sibilla. \u00abIl secondo tema riguarda la promozione e lo sviluppo della cooperazione sociale di tipo B, per favorire l\u2019utilizzo di clausole sociali che promuovano l\u2019inserimento lavorativo delle persone svantaggiate o con disabilit\u00e0\u00bb.<\/div>\n<div><\/div>\n<div>Il comparto della cooperazione sociale ha confermato i numeri in crescita: oggi \u00e8 il primo, nell\u2019ambito della cooperazione di Confcooperative, per numero di addetti e il secondo per ricavi. L\u2019aggregato delle cooperative sociali aderenti a Confcooperative in Friuli Venezia Giulia passa dai 106 milioni di valore della produzione del 2006 ai 377 milioni del 2024: un aumento di 3 volte e mezza (+255%). Nello stesso periodo gli addetti (soci e non soci) passano da 4.611 a 9.728 (+110%). Oggi le cooperative sociali sono il 31 per cento di tutte le cooperative aderenti a Confcooperative in Friuli Venezia Giulia. E guardando alla cooperazione sociale regionale nel suo complesso, i lavoratori svantaggiati inseriti in percorsi lavorativi sono 823. \u00abNumeri che confermano il ruolo centrale che la cooperazione sociale riveste nel sistema del welfare regionale\u00bb, \u00e8 il commento del presidente uscente della federazione, Luca Fontana.<\/div>\n<div><\/div>\n<div>A trarre le conclusioni dell\u2019Assemblea \u00e8 stato il Presidente nazionale di Federsolidariet\u00e0, Stefano Granata: \u00abLa sfida prioritaria \u00e8 diventare un soggetto economico pi\u00f9 forte, capace di rispondere ai bisogni delle comunit\u00e0 che oggi la spesa pubblica non riesce a intercettare: anziani, giovani, dipendenze, lavoro, casa, immigrazione e vita quotidiana. Un nodo centrale \u00e8 il rapporto con le nuove generazioni: senza il loro entusiasmo, la loro inventiva e la loro capacit\u00e0 di innovare non sar\u00e0 possibile affrontare il futuro. Per coinvolgerle bisogna essere credibili e offrire loro la possibilit\u00e0 di contribuire a cambiare le regole di un mondo che produce troppe disuguaglianze ed esclusioni. Da qui nasce la scelta del titolo dell\u2019Assemblea Nazionale, \u201cOltre il Giardino\u201d, che esprime la volont\u00e0 di accettare questa sfida, superare i confini attuali e provare a ribaltare un campo da gioco oggi sfavorevole.\u00bb.<\/div>\n<div><\/div>\n<div>All\u2019Assemblea \u00e8 intervenuto l\u2019Assessore regionale alla Salute, politiche sociali e disabilit\u00e0, Riccardo Riccardi.<\/div>\n<div><\/div>\n<div>Luca Sibilla, friulano di origine, 50 anni, laurea in Economia e Commercio conseguita alla Facolt\u00e0 di Udine, da circa 25 anni lavora nella cooperativa sociale di tipo A Comunit\u00e0 Educante di Trieste, che si occupa di fornire servizi di assistenza agli anziani non autosufficienti con centri diurni e casa di riposo di propriet\u00e0, attualmente con il ruolo di amministratore delegato. Da 8 anni \u00e8 componente del consiglio regionale di Federsolidariet\u00e0 FVG, nell&#8217;ultimo mandato come vicepresidente, e attuale consigliere regionale di Confcooperative FVG.<\/div>\n","protected":false},"excerpt":{"rendered":"<p>Ben 158 cooperative con 9.728 addetti; ricavi complessivi a 377 milioni di euro. Sono i dati salienti delle cooperative sociali che aderiscono a Confcooperative in Friuli Venezia Giulia, illustrati in occasione dell\u2019Assemblea svoltasi a Buttrio che ha eletto come neopresidente regionale della federazione di settore Federsolidariet\u00e0 FVG il cinquantenne Luca Sibilla. Un\u2019elezione nel segno della continuit\u00e0 \u2013 Sibilla \u00e8 stato vicepresidente nell\u2019ultimo quadriennio \u2013 da parte dei delegati presenti, dopo i tre mandati dell\u2019isontino Luca Fontana. \u00abDue le priorit\u00e0 per la cooperazione sociale nei prossimi anni: la prima riguarda la carenza di personale nel settore sociale e sociosanitario. Su questo [&hellip;]<\/p>\n","protected":false},"author":3,"featured_media":13791,"comment_status":"open","ping_status":"open","sticky":false,"template":"","format":"standard","meta":{"footnotes":""},"categories":[3],"tags":[],"class_list":["post-13790","post","type-post","status-publish","format-standard","has-post-thumbnail","hentry","category-fashion"],"_links":{"self":[{"href":"https:\/\/friulitv24.it\/index.php?rest_route=\/wp\/v2\/posts\/13790","targetHints":{"allow":["GET"]}}],"collection":[{"href":"https:\/\/friulitv24.it\/index.php?rest_route=\/wp\/v2\/posts"}],"about":[{"href":"https:\/\/friulitv24.it\/index.php?rest_route=\/wp\/v2\/types\/post"}],"author":[{"embeddable":true,"href":"https:\/\/friulitv24.it\/index.php?rest_route=\/wp\/v2\/users\/3"}],"replies":[{"embeddable":true,"href":"https:\/\/friulitv24.it\/index.php?rest_route=%2Fwp%2Fv2%2Fcomments&post=13790"}],"version-history":[{"count":1,"href":"https:\/\/friulitv24.it\/index.php?rest_route=\/wp\/v2\/posts\/13790\/revisions"}],"predecessor-version":[{"id":13792,"href":"https:\/\/friulitv24.it\/index.php?rest_route=\/wp\/v2\/posts\/13790\/revisions\/13792"}],"wp:featuredmedia":[{"embeddable":true,"href":"https:\/\/friulitv24.it\/index.php?rest_route=\/wp\/v2\/media\/13791"}],"wp:attachment":[{"href":"https:\/\/friulitv24.it\/index.php?rest_route=%2Fwp%2Fv2%2Fmedia&parent=13790"}],"wp:term":[{"taxonomy":"category","embeddable":true,"href":"https:\/\/friulitv24.it\/index.php?rest_route=%2Fwp%2Fv2%2Fcategories&post=13790"},{"taxonomy":"post_tag","embeddable":true,"href":"https:\/\/friulitv24.it\/index.php?rest_route=%2Fwp%2Fv2%2Ftags&post=13790"}],"curies":[{"name":"wp","href":"https:\/\/api.w.org\/{rel}","templated":true}]}}