{"id":13787,"date":"2026-04-28T16:43:18","date_gmt":"2026-04-28T14:43:18","guid":{"rendered":"https:\/\/friulitv24.it\/?p=13787"},"modified":"2026-04-28T16:43:18","modified_gmt":"2026-04-28T14:43:18","slug":"una-giornata-di-festa-e-divertimento-per-fare-del-bene-a-udine-torna-metti-il-turbo","status":"publish","type":"post","link":"https:\/\/friulitv24.it\/?p=13787","title":{"rendered":"UNA GIORNATA DI FESTA E DIVERTIMENTO PER FARE DEL BENE:  A UDINE TORNA METTI IL TURBO"},"content":{"rendered":"<p><span style=\"font-weight: 400\">Torna al Parco Ardito Desio di Udine uno degli appuntamenti pi\u00f9 attesi della primavera friulana. Il <\/span><b>23 maggio 2026<\/b><span style=\"font-weight: 400\">, l&#8217;ASD Madracs Udine dar\u00e0 il via a una delle giornate pi\u00f9 coinvolgenti dell&#8217;anno con la <\/span><b>9\u00aa edizione di Metti il Turbo 12x1h<\/b><span style=\"font-weight: 400\">: dodici ore consecutive di staffetta non competitiva, musica, colori e divertimento, con un <\/span><b>obiettivo di solidariet\u00e0<\/b><span style=\"font-weight: 400\"> \u2014 sostenere concretamente il futuro della prima squadra friulana di hockey in carrozzina elettrica.<\/span><\/p>\n<p>&nbsp;<\/p>\n<p><span style=\"font-weight: 400\">L&#8217;evento <\/span><b>\u00e8 aperto a tutti<\/b><span style=\"font-weight: 400\"> \u2014 nessun requisito atletico, nessuna esperienza necessaria. Che si corra, cammini o ci si goda il percorso a modo proprio, <\/span><b>Metti il Turbo \u00e8 una festa<\/b><span style=\"font-weight: 400\"> prima ancora che una corsa.\u00a0<\/span><\/p>\n<p>&nbsp;<\/p>\n<p><span style=\"font-weight: 400\">Dalle 8:00, il parco si trasformer\u00e0 in un centro di <\/span><b>energia e divertimento<\/b><span style=\"font-weight: 400\">: <\/span><b>musica<\/b><span style=\"font-weight: 400\"> dal vivo, <\/span><b>spettacoli<\/b><span style=\"font-weight: 400\">, esibizioni di gruppi folkloristici e <\/span><b>partite di hockey<\/b><span style=\"font-weight: 400\"> in carrozzina si alterneranno per tutta la giornata, insieme al <\/span><b>chiosco gastronomico<\/b><span style=\"font-weight: 400\"> pronto a rifornire di energie grandi e piccini. Il momento pi\u00f9 atteso della giornata arriver\u00e0 <\/span><b>alle 18:00 con la Color Run<\/b><span style=\"font-weight: 400\">: un&#8217;ora di corsa o camminata immersi in una pioggia di polvere arcobaleno. Un finale esplosivo per chiudere in bellezza una giornata indimenticabile.<\/span><\/p>\n<p>&nbsp;<\/p>\n<p><span style=\"font-weight: 400\">Ma dietro la festa c&#8217;\u00e8 qualcosa che vale ancora di pi\u00f9. <\/span><b>Ogni euro raccolto<\/b><span style=\"font-weight: 400\"> \u2014 10\u20ac per atleta, interamente devoluti \u2014 <\/span><b>va direttamente all&#8217;ASD Madracs Udine<\/b><span style=\"font-weight: 400\">, prima squadra friulana di hockey in carrozzina elettrica, che offre a persone con <\/span><b>disabilit\u00e0 fisiche anche gravi<\/b><span style=\"font-weight: 400\"> la possibilit\u00e0 di praticare sport agonistico ad alto livello. Partecipare a Metti il Turbo non \u00e8 solo divertirsi: \u00e8 scegliere di fare qualcosa di concreto per chi quello sport lo vive ogni giorno.<\/span><\/p>\n<p>&nbsp;<\/p>\n<p><span style=\"font-weight: 400\">&#8220;<\/span><b>Arrivare alla nona edizione non \u00e8 scontato<\/b><span style=\"font-weight: 400\">, e ogni anno ci ricorda quanto questo evento sia qualcosa di speciale \u2014 non solo per noi, ma per tutte le persone che scelgono di esserci. Il nostro obiettivo \u00e8 sempre lo stesso: costruire una giornata magica in cui sport, inclusione e divertimento si mescolino davvero, e in cui ogni partecipante senta di aver fatto qualcosa che vale&#8221;, afferma <\/span><b>Benedetta De Cecco<\/b><span style=\"font-weight: 400\">, capitano dell&#8217;ASD Madracs Udine ed Event Manager di Metti il Turbo.<\/span><\/p>\n<p><span style=\"font-weight: 400\">Cos\u00ec il vicesindaco Alessandro Venanzi: \u201cQuesta iniziativa ha il merito di tenere insieme tre aspetti fondamentali nella vita di una citt\u00e0: lo sport, l\u2019accessibilit\u00e0 e la socialit\u00e0 negli spazi all\u2019aperto. <\/span><b>Ogni anno i Madracs riescono a trasformare la staffetta in un momento capace di coinvolgere tante persone e di far vivere il Parco Ardito Desio come luogo di incontro, partecipazione e inclusione<\/b><span style=\"font-weight: 400\">. \u00c8 proprio attraverso appuntamenti come questo che possiamo continuare a promuovere una riflessione concreta sull\u2019accessibilit\u00e0, tema centrale per la nostra azione amministrativa. Troppo spesso chi vive una disabilit\u00e0 si confronta con spazi e servizi non pensati davvero per tutti: per questo stiamo lavorando, anche insieme alle realt\u00e0 economiche e ricettive del territorio, per costruire una citt\u00e0 sempre pi\u00f9 inclusiva, accogliente e accessibile. Il contributo dei Madracs \u00e8 prezioso perch\u00e9 ci aiuta a cambiare sguardo, a combattere l\u2019indifferenza con piccoli gesti quotidiani e a cambiare, davvero, le regole del gioco\u201d.<\/span><\/p>\n<p><b>\u00a0\u201cAncora una volta i Madracs dimostrano quanto lo sport possa essere uno strumento potente di inclusione, partecipazione e crescita culturale<\/b><span style=\"font-weight: 400\">\u201d, sottolinea l\u2019assessora allo sport <\/span><b>Chiara Dazzan<\/b><span style=\"font-weight: 400\">. \u201cParliamo di sport ad alto livello, di una delle squadre che meglio rappresentano la citt\u00e0 di Udine su scala nazionale, impegnata in Serie A1 di hockey in carrozzina, e siamo fieri di poterla ospitare in una palestra nuova, completamente rinnovata, pensata per gli sport rotellistici e destinata a diventare il fulcro di un nuovo quartiere all\u2019ex caserma Osoppo. Metti il turbo \u00e8 una grande iniziativa, che riesce a coinvolgere migliaia di persone e trasmette alla citt\u00e0 un messaggio importante. Lo sport diventa davvero un diritto per tutti: uno spazio accessibile e inclusivo che abbatte le barriere, contrasta l\u2019indifferenza e fa crescere realmente l\u2019intera comunit\u00e0\u201d.<\/span><\/p>\n<p><span style=\"font-weight: 400\">Le iscrizioni <\/span><b>per le squadre<\/b><span style=\"font-weight: 400\"> della 12x1h sono aperte <\/span><b>fino al 10 maggio 2026<\/b><span style=\"font-weight: 400\">, con la possibilit\u00e0 di modificare nominativi e slot orari fino al 15 maggio 2026. Per la Color Run le iscrizioni resteranno aperte fino alle ore 15:00 del giorno stesso dell&#8217;evento. <\/span><b>Tutte le iscrizioni avverranno esclusivamente online, al link: <\/b><a href=\"https:\/\/mettiilturbo.it\/iscriviti-ora\/\"><b>https:\/\/mettiilturbo.it\/iscriviti-ora\/<\/b><\/a><span style=\"font-weight: 400\">.<\/span><\/p>\n<p>&nbsp;<\/p>\n<p><b>METTI IL TURBO 12X1H \u2014 L&#8217;EVENTO IN DETTAGLIO<\/b><\/p>\n<p>&nbsp;<\/p>\n<p><b>LA STAFFETTA 12X1H<\/b><b> &#8211; <\/b><span style=\"font-weight: 400\">Il cuore di Metti il Turbo \u00e8 la staffetta non competitiva che si svolge dalle 8:00 alle 20:00: ogni squadra \u00e8 composta da 12 partecipanti, ciascuno dei quali corre \u2014 o cammina \u2014 per un&#8217;ora intera, passando poi il testimone al compagno successivo. Non \u00e8 una gara di velocit\u00e0: non esistono classifiche, non esistono requisiti atletici. L&#8217;unica regola \u00e8 esserci e dare il proprio contributo alla squadra.\u00a0<\/span><\/p>\n<p>&nbsp;<\/p>\n<p><span style=\"font-weight: 400\">La <\/span><b>quota di partecipazione di 10\u20ac<\/b><span style=\"font-weight: 400\"> per atleta viene interamente devoluta all&#8217;ASD Madracs Udine.\u00a0<\/span><\/p>\n<p>&nbsp;<\/p>\n<p><span style=\"font-weight: 400\">Le <\/span><b>iscrizioni per le squadre sono aperte fino al 10 maggio 2026<\/b><span style=\"font-weight: 400\">, con la possibilit\u00e0 di modificare nominativi e slot orari fino al 15 maggio 2026. Tutte le iscrizioni avvengono esclusivamente online su www.mettiilturbo.it<\/span><\/p>\n<p>&nbsp;<\/p>\n<p><b>LA COLOR RUN<\/b><b> &#8211; <\/b><span style=\"font-weight: 400\">D<\/span><span style=\"font-weight: 400\">alle 18:00 alle 19:00 il Parco Ardito Desio si tinge di tutti i colori dell&#8217;arcobaleno con la Color Run, il momento pi\u00f9 spettacolare della giornata. <\/span><b>Aperta a tutti \u2014 con iscrizione fino alle ore 15:00 del 23 maggio<\/b><span style=\"font-weight: 400\">, giorno stesso della manifestazione \u2014 \u00e8 un&#8217;ora di corsa o camminata immersi in una pioggia di polvere colorata. Nessuna esperienza richiesta, nessun obiettivo da raggiungere: solo divertimento puro e qualche macchia di colore da portare a casa come ricordo.<\/span><\/p>\n<p>&nbsp;<\/p>\n<p><span style=\"font-weight: 400\">La <\/span><b>quota di partecipazione di 10\u20ac<\/b><span style=\"font-weight: 400\"> per atleta viene interamente devoluta all&#8217;ASD Madracs Udine.\u00a0<\/span><\/p>\n<p>&nbsp;<\/p>\n<p><b>IL VILLAGGIO<\/b><b> &#8211; <\/b><span style=\"font-weight: 400\">Il Villaggio \u00e8 l&#8217;anima di Metti il Turbo: uno <\/span><b>spazio aperto a tutti, a ingresso libero<\/b><span style=\"font-weight: 400\">, pensato per chi vuole vivere la giornata anche senza essere iscritto alla staffetta o alla Color Run. <\/span><b>Musica dal vivo, spettacoli, esibizioni<\/b><span style=\"font-weight: 400\"> di gruppi folkloristici e partite di hockey in carrozzina elettrica ti aspettano dalle 8:00 alle 20:00 al Parco Ardito Desio. E quando arriva la fame, il nostro <\/span><b>chiosco gastronomico<\/b><span style=\"font-weight: 400\"> \u00e8 l\u00ec per te: un punto di ristoro fornito e accogliente dove ricaricare le energie e goderti la giornata fino all&#8217;ultimo momento. Vieni a fare il tifo per la tua squadra, porta la famiglia, porta gli amici \u2014 c&#8217;\u00e8 posto per tutti.<\/span><\/p>\n<p>&nbsp;<\/p>\n<p><span style=\"font-weight: 400\">Grande novit\u00e0 dell\u2019edizione 2026 \u00e8 infine la \u201cPeace hour\u201d, un\u2019ora, dalle 10 alle 11 del mattino, in cui il parco Desio sar\u00e0 teatro di una riflessione su tre temi fondamentali, attorno cui ruota l\u2019intera staffetta di Metti il Turbo: pace, inclusione e sostenibilit\u00e0. Attraverso il dialogo i Madracs promuoveranno un momento dedicato a questi temi e daranno vita alle \u201cbombe di colore\u201d, iniziativa che vedr\u00e0 i partecipanti dipingere materiali destinati al ciclo dei rifiuti, che in questo modo saranno trasformati in piccole opere artistiche di sensibilizzazione.<\/span><\/p>\n<p>&nbsp;<\/p>\n","protected":false},"excerpt":{"rendered":"<p>Torna al Parco Ardito Desio di Udine uno degli appuntamenti pi\u00f9 attesi della primavera friulana. Il 23 maggio 2026, l&#8217;ASD Madracs Udine dar\u00e0 il via a una delle giornate pi\u00f9 coinvolgenti dell&#8217;anno con la 9\u00aa edizione di Metti il Turbo 12x1h: dodici ore consecutive di staffetta non competitiva, musica, colori e divertimento, con un obiettivo di solidariet\u00e0 \u2014 sostenere concretamente il futuro della prima squadra friulana di hockey in carrozzina elettrica. &nbsp; L&#8217;evento \u00e8 aperto a tutti \u2014 nessun requisito atletico, nessuna esperienza necessaria. Che si corra, cammini o ci si goda il percorso a modo proprio, Metti il Turbo [&hellip;]<\/p>\n","protected":false},"author":3,"featured_media":13788,"comment_status":"open","ping_status":"open","sticky":false,"template":"","format":"standard","meta":{"footnotes":""},"categories":[3,2,4],"tags":[],"class_list":["post-13787","post","type-post","status-publish","format-standard","has-post-thumbnail","hentry","category-fashion","category-sport","category-top-news"],"_links":{"self":[{"href":"https:\/\/friulitv24.it\/index.php?rest_route=\/wp\/v2\/posts\/13787","targetHints":{"allow":["GET"]}}],"collection":[{"href":"https:\/\/friulitv24.it\/index.php?rest_route=\/wp\/v2\/posts"}],"about":[{"href":"https:\/\/friulitv24.it\/index.php?rest_route=\/wp\/v2\/types\/post"}],"author":[{"embeddable":true,"href":"https:\/\/friulitv24.it\/index.php?rest_route=\/wp\/v2\/users\/3"}],"replies":[{"embeddable":true,"href":"https:\/\/friulitv24.it\/index.php?rest_route=%2Fwp%2Fv2%2Fcomments&post=13787"}],"version-history":[{"count":1,"href":"https:\/\/friulitv24.it\/index.php?rest_route=\/wp\/v2\/posts\/13787\/revisions"}],"predecessor-version":[{"id":13789,"href":"https:\/\/friulitv24.it\/index.php?rest_route=\/wp\/v2\/posts\/13787\/revisions\/13789"}],"wp:featuredmedia":[{"embeddable":true,"href":"https:\/\/friulitv24.it\/index.php?rest_route=\/wp\/v2\/media\/13788"}],"wp:attachment":[{"href":"https:\/\/friulitv24.it\/index.php?rest_route=%2Fwp%2Fv2%2Fmedia&parent=13787"}],"wp:term":[{"taxonomy":"category","embeddable":true,"href":"https:\/\/friulitv24.it\/index.php?rest_route=%2Fwp%2Fv2%2Fcategories&post=13787"},{"taxonomy":"post_tag","embeddable":true,"href":"https:\/\/friulitv24.it\/index.php?rest_route=%2Fwp%2Fv2%2Ftags&post=13787"}],"curies":[{"name":"wp","href":"https:\/\/api.w.org\/{rel}","templated":true}]}}