{"id":13784,"date":"2026-04-28T16:35:56","date_gmt":"2026-04-28T14:35:56","guid":{"rendered":"https:\/\/friulitv24.it\/?p=13784"},"modified":"2026-04-28T16:35:56","modified_gmt":"2026-04-28T14:35:56","slug":"monfalcone-ricorda-le-vittime-dellamianto-una-ferita-ancora-aperta-dovere-delle-istituzioni-continuare-a-chiedere-verita-giustizia-e-prevenzione","status":"publish","type":"post","link":"https:\/\/friulitv24.it\/?p=13784","title":{"rendered":"Monfalcone ricorda le vittime dell\u2019amianto: \u201cUna ferita ancora aperta, dovere delle istituzioni continuare a chiedere verit\u00e0, giustizia e prevenzione\u201d"},"content":{"rendered":"<p style=\"font-weight: 400\">Monfalcone ricorda le vittime dell\u2019amianto.<\/p>\n<p style=\"font-weight: 400\">Si \u00e8 svolta questa mattina, in piazza Unit\u00e0 d\u2019Italia, davanti alla targa dedicata alle vittime dell\u2019amianto posta sul Municipio, la cerimonia organizzata dal Comune di Monfalcone in occasione della Giornata internazionale delle vittime dell\u2019amianto.<\/p>\n<p style=\"font-weight: 400\">Un momento di raccoglimento, memoria e responsabilit\u00e0 collettiva, nel ricordo di una tragedia che ha segnato profondamente la storia di Monfalcone e di tante famiglie, in particolare legate al mondo del lavoro e al Cantiere.<\/p>\n<p style=\"font-weight: 400\">A rappresentare l\u2019Amministrazione comunale l\u2019assessore al Patrimonio Antonio Garritani, che ha aperto il proprio intervento dedicando la commemorazione alla memoria di Duilio Castelli, fondatore dell\u2019Associazione Esposti Amianto, e del dottor Claudio Bianchi, il medico che per primo, gi\u00e0 negli anni Settanta, lanci\u00f2 l\u2019allarme sui rischi dell\u2019amianto, purtroppo rimasto a lungo inascoltato.<\/p>\n<p style=\"font-weight: 400\">Garritani ha ricordato anche il percorso avviato dal Consiglio comunale il 25 gennaio 2017, quando venne adottata una mozione d\u2019indirizzo della maggioranza dedicata al tema dell\u2019amianto &#8211; richiamata proprio dalla targa davanti alla quale si \u00e8 svolta la cerimonia &#8211; per chiudere una pagina buia della storia cittadina, quella dell\u2019accordo tombale stipulato precedentemente con Fincantieri, che ha tolto alla citt\u00e0 il diritto di essere civilmente rappresentata nei procedimenti giudiziari promossi dai familiari delle persone colpite. \u201cDa quell\u2019atto &#8211; ha sottolineato l\u2019assessore &#8211; \u00e8 iniziato un percorso importante di sostegno ai familiari delle vittime, di prevenzione e di tutela del nostro territorio e della nostra comunit\u00e0. Le sentenze di questi anni hanno confermato la portata di un dramma che continuer\u00e0 a produrre effetti a causa della lunga latenza delle patologie correlate, rendendo necessario mantenere alta l\u2019attenzione su prevenzione, assistenza e tutela delle famiglie colpite. Il percorso avviato negli ultimi anni, con un piano straordinario di bonifiche, il sostegno alla ricerca scientifica e alla sensibilizzazione, il rafforzamento dei presidi sanitari e la collaborazione con Regione, ASUGI, LILT e Universit\u00e0 hanno dimostrato come Monfalcone sia tra le realt\u00e0 pi\u00f9 attive nel percorso di mappatura e rimozione dell\u2019amianto, anche attraverso risorse comunali e un ufficio dedicato al supporto di cittadini e imprese\u201d.<\/p>\n<p style=\"font-weight: 400\">La Giornata, che coincide anche con la Giornata Mondiale per la Salute e la Sicurezza sul Lavoro, \u00e8 stata anche l\u2019occasione per rinnovare l\u2019impegno collettivo di istituzioni, associazioni e cittadini su questo tema: \u201cPer ricordarci la dimensione della tragedia che ha colpito la nostra citt\u00e0 e per rendere omaggio a chi ha sacrificato la vita a causa delle condizioni di lavoro, ma anche a tutti coloro che si sono battuti \u2013 e continuano a battersi \u2013 per mitigare gli effetti e le conseguenze determinate dall\u2019amianto. Un impegno che non pu\u00f2 limitarsi alle parole, ma deve tradursi in prevenzione, formazione, controlli, sostegno alle famiglie, attenzione alla salute pubblica e responsabilit\u00e0 concrete da parte di tutti\u201d &#8211; ha concluso Garritani.<\/p>\n<p style=\"font-weight: 400\">La cerimonia si \u00e8 aperta con la preghiera di don Flavio Zanetti ed \u00e8 proseguita con l\u2019intervento del presidente dell\u2019Associazione Esposti Amianto, Diego Dotto, che ha richiamato il dovere di mantenere viva la memoria delle vittime, in particolare di quelle legate alla storia del cantiere di Monfalcone, senza mai confondere il ruolo e il sacrificio di chi ha pagato con la salute e con la vita l\u2019esposizione alla fibra killer.<\/p>\n<p style=\"font-weight: 400\">Assente per impegni istituzionali al Parlamento europeo, l\u2019europarlamentare e ex primo cittadino di Monfalcone, Anna Maria Cisint, ha voluto comunque far pervenire il proprio messaggio di omaggio e vicinanza alla comunit\u00e0 monfalconese.<\/p>\n<p style=\"font-weight: 400\">\u201cLa storia della nostra citt\u00e0 \u00e8 profondamente intrecciata a quella dell\u2019amianto, la fibra mortale che ancora oggi continua a mietere vittime fra i lavoratori, le loro mogli e i loro cari &#8211; ha dichiarato l\u2019on. Cisint. Una ferita che attraversa generazioni e che non si \u00e8 mai davvero rimarginata. Da Sindaco, insieme alla Regione, abbiamo costruito un sistema strutturato di prevenzione, mappatura e bonifica: abbiamo risanato tutti gli edifici comunali e incentivato i privati allo smaltimento, con l\u2019obiettivo di rendere la nostra citt\u00e0 pi\u00f9 sicura e pi\u00f9 giusta\u201d. Cisint ha quindi richiamato la necessit\u00e0 di spostare il tema anche sul piano europeo: \u201cOggi porto questo impegno dentro le istituzioni europee. L\u2019Unione Europea ha fissato obiettivi ambiziosi, ma servono ancora risorse adeguate, strumenti concreti e una strategia coordinata capace di accelerare le bonifiche in tutto il territorio europeo, tutelando la salute dei lavoratori e delle loro famiglie\u201d.<\/p>\n<p style=\"font-weight: 400\">Nel suo messaggio, l\u2019europarlamentare ha evidenziato anche il ruolo fondamentale delle associazioni, degli esposti, dei familiari delle vittime, dei tecnici e dei volontari, definiti \u201cmemoria viva di questa tragedia e risorsa indispensabile per la prevenzione, l\u2019informazione e la sensibilizzazione\u201d, ponendo l\u2019accento sulla necessit\u00e0 di superare una contraddizione ancora presente: \u201cMentre in Europa rafforziamo le norme, continuiamo a commerciare con Paesi che non hanno ancora introdotto divieti o regolamentazioni efficaci contro l\u2019amianto. In un\u2019economia globalizzata; questo significa reimportare il rischio dal quale stiamo cercando di difenderci con ogni mezzo. La tutela della salute non pu\u00f2 fermarsi ai confini dell\u2019Unione. La Giornata richiama le istituzioni al dovere di rafforzare le norme, investire nella prevenzione e garantire piena sicurezza ai lavoratori. Un impegno da portare avanti nel rispetto delle vittime dell\u2019amianto, che meritano verit\u00e0, giustizia e sostegno concreto. Per questo continueremo a opporci a ogni forma di finanziamento diretto o indiretto che non sia nella direzione del supporto alle vittime\u201d.<\/p>\n<p style=\"font-weight: 400\">Alla commemorazione hanno preso parte autorit\u00e0 civili e militari, associazioni d\u2019Arma e religiose. Erano presenti anche il Consigliere comunale Franco Malaroda, in rappresentanza del Comune di San Canzian d\u2019Isonzo, e Chiara Belliazzi, Capo di Gabinetto della Prefettura.<\/p>\n<p style=\"font-weight: 400\">Nel corso della cerimonia, Rossana Moro, dei Lettori in Cantiere, ha letto la poesia di Ivan Crico \u201cCon il colore dell\u2019amianto\u201d, offrendo un momento di intensa riflessione sul dolore, sulla memoria e sulla responsabilit\u00e0 verso le vittime e le loro famiglie.<\/p>\n","protected":false},"excerpt":{"rendered":"<p>Monfalcone ricorda le vittime dell\u2019amianto. Si \u00e8 svolta questa mattina, in piazza Unit\u00e0 d\u2019Italia, davanti alla targa dedicata alle vittime dell\u2019amianto posta sul Municipio, la cerimonia organizzata dal Comune di Monfalcone in occasione della Giornata internazionale delle vittime dell\u2019amianto. Un momento di raccoglimento, memoria e responsabilit\u00e0 collettiva, nel ricordo di una tragedia che ha segnato profondamente la storia di Monfalcone e di tante famiglie, in particolare legate al mondo del lavoro e al Cantiere. A rappresentare l\u2019Amministrazione comunale l\u2019assessore al Patrimonio Antonio Garritani, che ha aperto il proprio intervento dedicando la commemorazione alla memoria di Duilio Castelli, fondatore dell\u2019Associazione Esposti [&hellip;]<\/p>\n","protected":false},"author":3,"featured_media":13785,"comment_status":"open","ping_status":"open","sticky":false,"template":"","format":"standard","meta":{"footnotes":""},"categories":[3],"tags":[],"class_list":["post-13784","post","type-post","status-publish","format-standard","has-post-thumbnail","hentry","category-fashion"],"_links":{"self":[{"href":"https:\/\/friulitv24.it\/index.php?rest_route=\/wp\/v2\/posts\/13784","targetHints":{"allow":["GET"]}}],"collection":[{"href":"https:\/\/friulitv24.it\/index.php?rest_route=\/wp\/v2\/posts"}],"about":[{"href":"https:\/\/friulitv24.it\/index.php?rest_route=\/wp\/v2\/types\/post"}],"author":[{"embeddable":true,"href":"https:\/\/friulitv24.it\/index.php?rest_route=\/wp\/v2\/users\/3"}],"replies":[{"embeddable":true,"href":"https:\/\/friulitv24.it\/index.php?rest_route=%2Fwp%2Fv2%2Fcomments&post=13784"}],"version-history":[{"count":1,"href":"https:\/\/friulitv24.it\/index.php?rest_route=\/wp\/v2\/posts\/13784\/revisions"}],"predecessor-version":[{"id":13786,"href":"https:\/\/friulitv24.it\/index.php?rest_route=\/wp\/v2\/posts\/13784\/revisions\/13786"}],"wp:featuredmedia":[{"embeddable":true,"href":"https:\/\/friulitv24.it\/index.php?rest_route=\/wp\/v2\/media\/13785"}],"wp:attachment":[{"href":"https:\/\/friulitv24.it\/index.php?rest_route=%2Fwp%2Fv2%2Fmedia&parent=13784"}],"wp:term":[{"taxonomy":"category","embeddable":true,"href":"https:\/\/friulitv24.it\/index.php?rest_route=%2Fwp%2Fv2%2Fcategories&post=13784"},{"taxonomy":"post_tag","embeddable":true,"href":"https:\/\/friulitv24.it\/index.php?rest_route=%2Fwp%2Fv2%2Ftags&post=13784"}],"curies":[{"name":"wp","href":"https:\/\/api.w.org\/{rel}","templated":true}]}}