{"id":13781,"date":"2026-04-28T16:31:41","date_gmt":"2026-04-28T14:31:41","guid":{"rendered":"https:\/\/friulitv24.it\/?p=13781"},"modified":"2026-04-28T16:31:41","modified_gmt":"2026-04-28T14:31:41","slug":"tutti-al-maurensig-con-arearea-per-la-giornata-internazionale-della-danza","status":"publish","type":"post","link":"https:\/\/friulitv24.it\/?p=13781","title":{"rendered":"Tutti al Maurensig con Arearea per la  \u201cGiornata Internazionale della Danza\u201d"},"content":{"rendered":"<p style=\"font-weight: 400\"><strong>TAVAGNACCO<\/strong>\u00a0\u2013 Torna la Giornata Internazionale della Danza, promossa dal Comitato dell\u2019International Theatre UNESCO e celebrata dal 1982 per valorizzare la danza come forma d\u2019arte e come strumento fondamentale di conoscenza e crescita individuale e collettiva. Anche quest\u2019anno sar\u00e0 la Compagnia Arearea a renderle omaggio, il 29 aprile 2026, al Teatro immersivo Maurensig di Feletto Umberto (via Mazzini 1) con un\u00a0<a href=\"https:\/\/arearea.it\/appuntamento\/giornata-internazionale-della-danza-2\/\" data-saferedirecturl=\"https:\/\/www.google.com\/url?q=https:\/\/arearea.it\/appuntamento\/giornata-internazionale-della-danza-2\/&amp;source=gmail&amp;ust=1777472646499000&amp;usg=AOvVaw0OXmP7njKU-j0PF-IgsY8K\">programma ricco e articolato<\/a>, capace di accompagnare il pubblico dal mattino fino alla sera.<\/p>\n<p style=\"font-weight: 400\">L\u2019iniziativa si inserisce nella pi\u00f9 ampia programmazione di \u201cArearea Dance Library\u201d, progetto vincitore del bando D6.1.1 del Pr Fesr 2021-2027, dedicato alla rigenerazione e riattivazione di spazi culturali pubblici e privati. Si tratta di un percorso triennale finanziato dalla Regione Autonoma Friuli Venezia Giulia con contributo Pr Fesr, che coinvolge partner pubblici come Azienda Sanitaria Universitaria Friuli Centrale, Comune di Udine ed Educandato Statale Collegio Uccellis, e partner privati quali Teatro Club Udine, Kaleidoscienza, Faretra APS, Fondazione Radio Magica, Cas\u2019Aupa, Progettoautismo FVG e Rete Intersezioni. Il progetto rientra inoltre nel \u201cProgetto Europa 27\u201d (OiS \u2013 Operazione di Importanza Strategica), contribuendo agli obiettivi dei programmi Pr Fesr E Pr Fse+ e promuovendo i valori fondamentali dell\u2019Unione Europea: dignit\u00e0 umana, libert\u00e0, democrazia, uguaglianza, diritti umani, parit\u00e0 di genere, accessibilit\u00e0 e sviluppo sostenibile.<\/p>\n<p style=\"font-weight: 400\">\n<p style=\"font-weight: 400\"><strong>LA GIORNATA INTERNAZIONALE DELLA DANZA<\/strong>\u00a0&#8211; Quella in programma al Maurensig sar\u00e0 una giornata di immersione nel mondo della danza: un luogo di ritrovo per tutti coloro che sono stati coinvolti nei percorsi formativi del progetto \u201cArearea Dance Library\u201d e che vedr\u00e0 la partecipazione attiva non solo di tutti i partner che saranno a disposizione del pubblico per delle prove gratuite dei laboratori. Fin dal mattino, il foyer si animer\u00e0 con lezioni aperte a ingresso gratuito: si inizier\u00e0 alle 9.45 con la Ginnastica Antalgica di Clara Bevilacqua, per proseguire alle 10.30 con Dance Park di Luisa Amprimo insieme a FareTra APS, alle 11.15 ci saranno le Danze magiche di Marta Bevilacqua e Fondazione Radio Magica ETS e alle 12 Yes We Dance, laboratorio guidato da Roberto Cocconi con l\u2019Educandato Statale Uccellis. La giornata continuer\u00e0 con le testimonianze video dei corsi della Arearea Dance Library, mentre, nel pomeriggio, ancora il foyer del teatro, alle 16.30 sar\u00e0 la volta di Contakids con Luca Zampar. Alle 18.30 (con biglietto unico a 10 euro), invece, si entrer\u00e0 poi nel vivo con gli esiti performativi dei corsi \u2013 TeenDance, Tecniche contemporanee, Cheek to Cheek e Dancing Over 50 \u2013 che saranno ospitati dalla sala principale. A seguire, in chiusura, ci sar\u00e0 Echoes of Dance, la performance finale di Arearea: un racconto emozionante che attraverser\u00e0 la storia della danza, restituendone tutta la forza e la contemporaneit\u00e0. La prenotazione non \u00e8 obbligatoria\u00a0ma vivamente consigliata su\u00a0<a href=\"mailto:lostudio@arearea.it\">lostudio@arearea.it<\/a>. L\u2019intero programma \u00e8 disponibile su\u00a0<a href=\"https:\/\/arearea.it\/appuntamento\/giornata-internazionale-della-danza-2\/\" data-saferedirecturl=\"https:\/\/www.google.com\/url?q=https:\/\/arearea.it\/appuntamento\/giornata-internazionale-della-danza-2\/&amp;source=gmail&amp;ust=1777472646499000&amp;usg=AOvVaw0OXmP7njKU-j0PF-IgsY8K\">https:\/\/arearea.it<\/a>\u00a0.<\/p>\n<p style=\"font-weight: 400\"><strong>\u00a0<\/strong><\/p>\n<p style=\"font-weight: 400\">\n<p style=\"font-weight: 400\">Tutto il programma \u00e8 stato presentato in una conferenza stampa, ospitata proprio dal Maurensig, durante la quale si \u00e8 potuto anche fare il punto sulle attivit\u00e0 di \u201cArearea Dance Library\u201d, avviato sul finire del 2024 in programma fino al 2026. Assieme ai due direttori artistici Roberto Cocconi e Marta Bevilacqua erano presenti anche<strong>\u00a0<\/strong>Barbara Zilli, assessore alle Finanze della Regione Autonoma FVG;<strong>\u00a0<\/strong>Ornella Comuzzo, assessore alla cultura del Comune di Tavagnacco;<strong>\u00a0<\/strong>Moreno Lirutti, consigliere regionale;<strong>\u00a0<\/strong>Claudio Mansutti, direttore artistico della Fondazione Bon;<\/p>\n<p style=\"font-weight: 400\">Luisa Amprimo di FareTra; Elena Rocco, presidente Fondazione Radio Magica; Paolo Matteotti, di Teatro Club Udine, responsabile artistico del Palio; Walter Sguazzin, di ProgettoAutismo FVG; Mattia Cuttini, di Kaleidoscienza; Fausto Senatore, dirigente dell\u2019Educandato Uccellis; Paolo Ermano per\u00a0Intersezioni.<\/p>\n<p style=\"font-weight: 400\">\n<p style=\"font-weight: 400\">\u00ab<em>In un tempo oscurato da conflitti, oppressioni e una crisi planetaria, celebrare la danza non \u00e8 un atto di evasione, ma di profonda resistenza\u00a0<\/em>\u2013 ha spiegato<em>\u00a0<\/em><strong>Roberto Cocconi, direttore artistico della Compagnia Arearea<\/strong><em>. Mentre il mondo sembra ripiegarsi sui suoi fallimenti, le arti restano l\u2019unico linguaggio universale capace di ricordarci che sono un ponte tra culture che non ha bisogno di traduzioni per unire. La danza, in particolare, \u00e8 l\u2019arte assoluta del qui e ora. Come ci ricorda la coreografa Crystal Pite, la pratica creativa \u00e8 un accumulo di speranza fatto di piccoli gesti: coraggio, curiosit\u00e0 e collaborazione. La danza non chiede giustificazioni n\u00e9 spiegazioni. \u00c8 fatta di noi, ma non ci deve nulla. Le basta abitare un corpo per farsi intermediaria tra noi e l&#8217;ignoto, traducendo l&#8217;ineffabile in bellezza. Danzare oggi significa scegliere la vita, celebrare la nostra comune umanit\u00e0 e trasformare la fragilit\u00e0 in una forza inarrestabile<\/em>\u00bb.<\/p>\n<p style=\"font-weight: 400\">\n<p style=\"font-weight: 400\">A far eco a Cocconi, l\u2019altra<strong>\u00a0direttrice artistica degli Arearea, Marta Bevilacqua<\/strong>, che \u00e8 entrata nel merito delle attivit\u00e0 svolte sul territorio e con il territorio: \u00ab<em>Il lavoro svolto sul territorio udinese continua a dare i suoi frutti: molti dei talenti transitati per il centro di danza contemporanea Arearea sono oggi professionisti consapevoli o spettatori critici e appassionati. \u00c8 a loro che dedichiamo questa giornata, confermando l&#8217;impegno della Compagnia nel coltivare un\u2019arte che sia, prima di tutto, un\u2019esperienza umana profonda. La GiD diventa per me l&#8217;occasione di ringraziare gli allievi e le allieve di ogni et\u00e0, che hanno trasformato la tecnica in espressione autentica, la comunit\u00e0 dei danzatori, e che ha saputo accogliere la sfida della danza contemporanea come pratica di cittadinanza attiva. La GiD che festeggiamo a Tavagnacco sar\u00e0 lo specchio di quella visione inclusiva che ha permesso a ogni corpo di raccontare la propria storia, senza stereotipi o limiti<\/em>\u00bb.<\/p>\n<p style=\"font-weight: 400\">\n<p style=\"font-weight: 400\">\u00ab<em>La partecipazione alla Giornata Internazionale della Danza, attraverso il progetto &#8216;Arearea Dance Library&#8217;, rappresenta il consolidamento di un percorso di continuit\u00e0 strategica che abbiamo sostenuto con forte convinzione e di cui oggi verifichiamo, con estrema soddisfazione, la piena operativit\u00e0. Il progetto si \u00e8 classificato al primo posto nella graduatoria del bando \u201cIncentivi per lo sviluppo di progetti finalizzati a valorizzare il ruolo che i musei, le collezioni artistico-culturali e altri prodotti culturali possono svolgere come attori dello sviluppo locale\u201d beneficiando di un contributo di 200 mila euro. Questa iniziativa non \u00e8 un semplice evento culturale, ma si conferma come una delle &#8216;Operazioni di Importanza Strategica&#8217; (OIS) del Programma Regionale Fesr 2021-2027. Grazie a queste risorse, trasformiamo i finanziamenti in investimenti strutturali capaci di generare un ritorno concreto in termini di coesione sociale, salute e innovazione. La solidit\u00e0 della rete dei partner coinvolti dimostra che la gestione virtuosa dei fondi europei si traduce in benessere per la comunit\u00e0 e in reali opportunit\u00e0 di crescita ed espressione per i nostri giovani<\/em>\u00bb, ha sottolineato\u00a0<strong>l\u2019assessore regionale alle Finanze, Barbara Zilli<\/strong>.<\/p>\n<p style=\"font-weight: 400\">\n<p style=\"font-weight: 400\">\u00ab<em>L\u2019Amministrazione \u00e8 grata alla Compagnia Arearea per il lavoro che porta avanti sul territorio. Siamo orgogliosi di essere sede di una realt\u00e0 produttiva per la quale la cultura \u00e8 un presidio fondamentale per la comunit\u00e0. Non solo progettualit\u00e0 artistica di qualit\u00e0, ma la vera capacit\u00e0 di generare connessioni, trasformare e rendere la cultura un collante sociale. Colpiscono lo spirito di ricerca, il confronto continuo e uno sguardo aperto, che si traduce in progetti concreti e in un solido lavoro di rete. Sono certo che con la nuova sede tutto questo potr\u00e0 trovare spazi ancora pi\u00f9 adatti al vostro spirito creativo<\/em>\u00bb, ha fatto sapere in una nota\u00a0<strong>Federico Pirone, assessore alla Cultura del Comune di Udine<\/strong>, impossibilitato a essere presente per improrogabili impegni istituzionali.<\/p>\n<p style=\"font-weight: 400\">\n<p style=\"font-weight: 400\">\u00abSiamo molto soddisfatti della seconda stagione al Teatro Maurensig, che ha registrato grande partecipazione e proposte di qualit\u00e0 fra cui quelle della Compagnia Arearea. Una collaborazione, questa, che si conferma preziosa e nell&#8217;ambito della quale ospiteremo, per il secondo anno consecutivo, la giornata dedicata alla danza: arte capace di esprimere dinamismo, favorire il benessere e aiutare le persone a superare difficolt\u00e0, generando valore culturale e sociale per tutta la comunit\u00e0\u00bb, ha sottolineato\u00a0<strong>Ornella Comuzzo, assessore alla cultura del Comune di Tavagnacco.<\/strong><\/p>\n<p style=\"font-weight: 400\"><strong>\u00a0<\/strong><\/p>\n<p style=\"font-weight: 400\">\u00ab<em>Come Direttore di ASUFC, confermo il sostegno a questo progetto innovativo: questa iniziativa dimostra\u00a0concretamente come\u00a0la danza e l&#8217;espressione artistica possano trasformarsi in strumenti fondamentali per la cura della persona e l&#8217;inclusione sociale.\u00a0Coinvolgere attivamente soggetti fragili\u00a0significa\u00a0promuovere un percorso di benessere psico-fisico e agire direttamente sulla qualit\u00e0 della vita attraverso la creativit\u00e0.\u00a0ASUFC crede fermamente in queste sinergie innovative ed \u00e8\u00a0al fianco di progetti che generano un reale e tangibile miglioramento per l&#8217;intera comunit\u00e0<\/em>\u00bb, ha fatto sapere in una nota il\u00a0<strong>direttore generale di ASUFC, Denis Caporale<\/strong>.<\/p>\n<p style=\"font-weight: 400\">\n<p style=\"font-weight: 400\">\u00ab<em>Siamo davvero entusiasti del rapporto con Arearea. Questa collaborazione rappresenta anche un valore per l\u2019intera comunit\u00e0 di Tavagnacco. Avere la danza in un teatro nuovo, inserita stabilmente in stagione, \u00e8 un plus incredibile, cos\u00ec come \u00e8 molto interessante il lavoro che Arearea porta avanti sull\u2019immersivit\u00e0. Il nostro rapporto per\u00f2 non si ferma qui. Stiamo programmando delle co-produzioni, tra musica e danza, per tracciare insieme un sentiero nuovo, ancora poco battuto a livello contemporaneo e nazionale<\/em>\u00bb,\u00a0<strong>ha ricordato Claudio Mansutti, direttore artistico della Fondazione Bon.<\/strong><\/p>\n<p style=\"font-weight: 400\">\n<p style=\"font-weight: 400\"><strong>AREAREA DANCE LIBRARY<\/strong>\u00a0&#8211; Entrando nel dettaglio di \u201cArearea Dance Library\u201d i direttori artistici hanno sottolineato come il progetto si configura &#8211; metaforicamente &#8211; come una biblioteca fisica e virtuale dedicata alla danza contemporanea, articolata in diverse sezioni e pensata come progetto globale sul corpo. Al centro vi sono la cura della persona, la valorizzazione degli spazi culturali e l\u2019abbattimento delle barriere architettoniche, insieme alla diffusione del linguaggio della danza. Particolare attenzione \u00e8 stata riservata al coinvolgimento dei pi\u00f9 giovani, delle persone con disabilit\u00e0, di chi convive con patologie o neurodivergenze, con risultati significativi. Le attivit\u00e0 sviluppate grazie al bando hanno compreso nove laboratori, rivolti sia a persone con malattie \u2013 come il Parkinson e i loro caregiver \u2013 sia a persone con disabilit\u00e0 intellettive e autismo, oltre a percorsi dedicati alla comunit\u00e0: dai pi\u00f9 piccoli agli over 50, dagli adolescenti alle coppie, fino alle donne in gravidanza. Il progetto include inoltre attivit\u00e0 formative e professionalizzanti, la valorizzazione di spazi urbani come la Galleria Tina Modotti e il Teatro \u201cP. Maurensig\u201d, e la rigenerazione di spazi privati per renderli pi\u00f9 accessibili. \u00c8 il caso de Lo Studio \u2013 centro di danza contemporanea, \u201ccasa\u201d della Compagnia, in fase di ristrutturazione proprio grazie al bando e progettata secondo i pi\u00f9 aggiornati standard di accessibilit\u00e0. Un luogo destinato a diventare un punto di riferimento per la comunit\u00e0.<\/p>\n<p style=\"font-weight: 400\">\n<p style=\"font-weight: 400\">Tutte le informazioni sul sito di Arearea:\u00a0<a href=\"https:\/\/arearea.it\/appuntamento\/giornata-internazionale-della-danza\/\" data-saferedirecturl=\"https:\/\/www.google.com\/url?q=https:\/\/arearea.it\/appuntamento\/giornata-internazionale-della-danza\/&amp;source=gmail&amp;ust=1777472646500000&amp;usg=AOvVaw1FoYedcLQvThjWeo0KYRAc\">arearea.it<\/a>\u00a0.<\/p>\n","protected":false},"excerpt":{"rendered":"<p>TAVAGNACCO\u00a0\u2013 Torna la Giornata Internazionale della Danza, promossa dal Comitato dell\u2019International Theatre UNESCO e celebrata dal 1982 per valorizzare la danza come forma d\u2019arte e come strumento fondamentale di conoscenza e crescita individuale e collettiva. Anche quest\u2019anno sar\u00e0 la Compagnia Arearea a renderle omaggio, il 29 aprile 2026, al Teatro immersivo Maurensig di Feletto Umberto (via Mazzini 1) con un\u00a0programma ricco e articolato, capace di accompagnare il pubblico dal mattino fino alla sera. L\u2019iniziativa si inserisce nella pi\u00f9 ampia programmazione di \u201cArearea Dance Library\u201d, progetto vincitore del bando D6.1.1 del Pr Fesr 2021-2027, dedicato alla rigenerazione e riattivazione di spazi [&hellip;]<\/p>\n","protected":false},"author":3,"featured_media":13782,"comment_status":"open","ping_status":"open","sticky":false,"template":"","format":"standard","meta":{"footnotes":""},"categories":[3],"tags":[],"class_list":["post-13781","post","type-post","status-publish","format-standard","has-post-thumbnail","hentry","category-fashion"],"_links":{"self":[{"href":"https:\/\/friulitv24.it\/index.php?rest_route=\/wp\/v2\/posts\/13781","targetHints":{"allow":["GET"]}}],"collection":[{"href":"https:\/\/friulitv24.it\/index.php?rest_route=\/wp\/v2\/posts"}],"about":[{"href":"https:\/\/friulitv24.it\/index.php?rest_route=\/wp\/v2\/types\/post"}],"author":[{"embeddable":true,"href":"https:\/\/friulitv24.it\/index.php?rest_route=\/wp\/v2\/users\/3"}],"replies":[{"embeddable":true,"href":"https:\/\/friulitv24.it\/index.php?rest_route=%2Fwp%2Fv2%2Fcomments&post=13781"}],"version-history":[{"count":1,"href":"https:\/\/friulitv24.it\/index.php?rest_route=\/wp\/v2\/posts\/13781\/revisions"}],"predecessor-version":[{"id":13783,"href":"https:\/\/friulitv24.it\/index.php?rest_route=\/wp\/v2\/posts\/13781\/revisions\/13783"}],"wp:featuredmedia":[{"embeddable":true,"href":"https:\/\/friulitv24.it\/index.php?rest_route=\/wp\/v2\/media\/13782"}],"wp:attachment":[{"href":"https:\/\/friulitv24.it\/index.php?rest_route=%2Fwp%2Fv2%2Fmedia&parent=13781"}],"wp:term":[{"taxonomy":"category","embeddable":true,"href":"https:\/\/friulitv24.it\/index.php?rest_route=%2Fwp%2Fv2%2Fcategories&post=13781"},{"taxonomy":"post_tag","embeddable":true,"href":"https:\/\/friulitv24.it\/index.php?rest_route=%2Fwp%2Fv2%2Ftags&post=13781"}],"curies":[{"name":"wp","href":"https:\/\/api.w.org\/{rel}","templated":true}]}}