{"id":13768,"date":"2026-04-28T10:17:32","date_gmt":"2026-04-28T08:17:32","guid":{"rendered":"https:\/\/friulitv24.it\/?p=13768"},"modified":"2026-04-28T10:17:32","modified_gmt":"2026-04-28T08:17:32","slug":"palmanova-14mo-concorso-internazionale-citta-di-palmanova","status":"publish","type":"post","link":"https:\/\/friulitv24.it\/?p=13768","title":{"rendered":"Palmanova, 14mo Concorso Internazionale Citt\u00e0 di Palmanova"},"content":{"rendered":"<p style=\"font-weight: 400\">Ancora una volta la Citt\u00e0 di Palmanova si accinge ad essere invasa per una settimana intera da un esercito festante di giovani musicisti provenienti da tutto il mondo: solisti, gruppi cameristici, compositori, cori, orchestre e scuole di musica. Il\u00a0<strong>Concorso Musicale Internazionale Citt\u00e0 di Palmanova-Premio Unesco, in programma dal 3 al 10 maggio 2026 nella Citt\u00e0 Stellata,\u00a0<\/strong>sar\u00e0 un momento di confronto (il concorso \u00e8 certamente una competizione, ma \u00e8 soprattutto un momento di incontro) tra culture, scuole, sensibilit\u00e0, tradizioni differenti. Un mosaico di convivenza civile nel segno della civilt\u00e0 musicale, come un grido e un monito contro la violenza e la barbarie della politica internazionale di questi giorni.<\/p>\n<p style=\"font-weight: 400\">Questo il fine di uno sforzo organizzativo non indifferente, condotto per questa 14ma edizione\u00a0dall\u2019<strong>Accademia Musicale di Palmanova<\/strong>\u00a0insieme al\u00a0<strong>Comune,\u00a0<\/strong>con il contributo di\u00a0<strong>Regione Friuli Venezia Giulia, PromoturismoFVG<\/strong>,\u00a0<strong>Fondazione Friuli<\/strong>, ai quali si affiancano con il loro\u00a0<strong>patrocinio i Comuni<\/strong>\u00a0<strong>limitrofi\u00a0<\/strong>di Aquileia, Grado, Lignano Sabbiadoro, Bagnaria Arsa, Mossa, coinvolti in attivit\u00e0 di accoglienza e promozione turistica del territorio, in collaborazione con\u00a0<strong>Respira la Cultura Societ\u00e0 Cooperativa Consortile<\/strong><strong>\u00a0e la FVG Orchestra<\/strong>.<\/p>\n<p style=\"font-weight: 400\"><strong>\u00a0<\/strong><\/p>\n<p style=\"font-weight: 400\">Una kermesse che sar\u00e0 inaugurata dall\u2019oramai tradizionale\u00a0<strong>Concerto di apertura, domenica 3 maggio alle 20.30 nel Teatro G. Modena di Palmanova,<\/strong>\u00a0che accoglier\u00e0\u00a0<strong>la FVG Orchestra, diretta dal Maestro Damiano Tognetti<\/strong>,\u00a0<strong>con la violinista Sofia De Martis<\/strong>, vincitrice nel 2025 del Premio Unesco nella categoria under-22, che recentemente si \u00e8 esibita come solista nel prestigioso\u00a0<strong>Concertgebow di Amsterdam<\/strong>, una delle sale da concerto pi\u00f9 importanti al mondo.<\/p>\n<p style=\"font-weight: 400\">Un altro imperdibile concerto, la serata successiva,\u00a0<strong>lunedi 4 maggio alle 20.30\u00a0<\/strong>ancora in Teatro. Il recital del giovane talento croato\u00a0<strong>Jan Nikovi\u0107, concerto offerto dalla citt\u00e0 di Zara al Concorso di Palmanova,<\/strong>\u00a0diventa occasione per apprezzare un pianista che si \u00e8 gi\u00e0 esibito in tutto il mondo (USA, Austria, Belgio, Brasile, Russia, Francia, Germania, Italia, Liechtenstein, Polonia, Portogallo, Romania, Slovenia, Spagna e Regno Unito), a suggello di una\u00a0<strong>partnership importante e significativa tra due citt\u00e0 afferenti alla rete UNESCO<\/strong>\u00a0\u201cLe opere di difesa veneziane tra il XVI e XVII secolo: Stato da Terra \u2013 Stato da Mar Occidentale\u201d. Un legame nato alcuni anni fa, che porta il vincitore di Palmanova ad esibirsi a Zara all\u2019interno dello storico festival musicale cittadino estivo, le\u00a0<strong>Serate Musicali di San<\/strong><strong>\u00a0Donato<\/strong><strong>.\u00a0<\/strong>Il concerto sar\u00e0 introdotto da<strong>\u00a0Dina Bu\u0161i\u0107, rappresentante Unesco della Citt\u00e0 di Zara<\/strong>, oltre che musicista e musicologa, responsabile del festival musicale dalmatino.<\/p>\n<p style=\"font-weight: 400\">Nel segno della\u00a0<strong>missione europeistica del Concorso musicale<\/strong>, nella stessa serata dedicata all\u2019amicizia tra le citt\u00e0 UNESCO\u00a0<strong>verr\u00e0 presentato il volume che raccoglie gli atti del convegno realizzato lo scorso anno grazie alla vittoria di un bando di concorso promosso da CEI,<\/strong>\u00a0<strong>Iniziativa Centro Europea.<\/strong>\u00a0Una iniziativa subito supportata dal Comune<strong>.<\/strong>\u00a0Il tema \u201cGiovane Musica per una Giovane Europa\u201d ben sintetizza i contenuti degli interventi portati dai relatori, membri della giuria internazionale della 13ma edizione: docenti di prestigiose accademie internazionali hanno riflettuto e dibattuto sull\u2019importanza della mobilit\u00e0 giovanile, del confronto artistico e culturale, della creazione di reti culturali stabili per la promozione di un dialogo che non tema contrapposizioni.<\/p>\n<p style=\"font-weight: 400\"><strong><em>\u201cUn segnale politico di grande importanza per i nostri giorni, martoriati da guerre tanto devastanti quanto inutili<\/em><\/strong><strong>\u00a0<\/strong>\u2013 sostiene il<strong>\u00a0direttore artistico del Concorso Franco Calabretto,\u00a0<\/strong>che ha fortemente voluto questo convegno \u2013<strong>\u00a0<\/strong><strong><em>Siamo consapevoli di aver realizzato,<\/em><\/strong><em>\u00a0per la prima volta all\u2019interno del concorso,<strong>\u00a0un momento di grande riflessione e approfondimento. Crediamo di portare un messaggio di grande speranza nella costruzione di un futuro migliore, nel segno della musica. Questi giovani straordinari, che studiano e si cimentano in competizioni come la nostra, con la loro passione e tenacia, con l\u2019amore per la bellezza e per l\u2019arte, possono contribuire alla costruzione di ponti e abbattere sterili contrapposizioni\u201d.<\/strong><\/em><\/p>\n<p style=\"font-weight: 400\">Un Comune che, nelle parole del Sindaco\u00a0<strong>Giuseppe Tellini<\/strong>, sostiene convintamente il Concorso, come\u00a0<em>\u201c<strong>uno dei momenti pi\u00f9 alti dell\u2019attivit\u00e0 culturale che si svolge a Palmanova<\/strong>. Il Comune ha potenziato la collaborazione con l\u2019Accademia nella convinzione che questa partecipatissima competizione debba crescere e consolidare il suo ruolo di riferimento\u201d.<\/em><\/p>\n<p style=\"font-weight: 400\">L\u2019auspicio dell\u2019<strong>Assessore Silvia Savi\u00a0<\/strong>\u00e8 il coinvolgimento di\u00a0<em>\u201ctutte le componenti del sito Unesco delle Opere di difesa veneziane, come gi\u00e0 stiamo facendo con Zara. Per altro, il Concorso ben rappresenta una ulteriore, caratterizzante promozione dell\u2019immagine di Palmanova nel mondo, al di l\u00e0 dell\u2019aspetto storico, artistico ed architettonico della Citt\u00e0 Fortezza, attraverso un evento che ne accresce la reputazione tra i giovani.\u201d<\/em><\/p>\n<p style=\"font-weight: 400\"><em>\u00a0<\/em><\/p>\n<p style=\"font-weight: 400\">D<strong>al 3 al 10 maggio anche quest\u2019anno saranno programmate circa 250 audizioni<\/strong>\u00a0(tutte aperte al pubblico) presso il<strong>\u00a0Teatro Gustavo Modena:\u00a0<\/strong><em>\u201cil Concorso propone,\u00a0<strong>per una intera settimana, un programma di musica ininterrotta, ogni giorno dalle 8.30 alle 19.00<\/strong>, senza limiti di repertorio o di tipologia di strumento\u201d<\/em>\u00a0<strong>annuncia Nicola Fiorino, presidente dell\u2019Accademia Musicale di Palmanova<\/strong>. In gara si confronteranno a colpi di note circa\u00a0<strong>700 iscritti provenienti da 15 Paesi (Italia, Slovenia, Russia, Ucraina, Germania, Polonia, Mongolia, Croazia, Svizzera, Romania, Serbia, Giappone, Spagna, Peru\u2019, Cina)\u00a0<\/strong>e suddivisi in\u00a0<strong>6 Cori, 5 Orchestre, 31 Scuole di Musica, solisti ed ensemble cameristici per il Premio Unesco<\/strong>,\u00a0<strong>Premio Scuole<\/strong>\u00a0ed il Premio\u00a0<strong>Nuove Musiche<\/strong>, per compositori ed esecutori under 30, con cinque progetti inediti iscritti, di cui il brano vincitore entrer\u00e0 nel catalogo delle\u00a0<strong>Edizioni Sconfinarte\u00a0<\/strong>di Milano<strong>.\u00a0<\/strong>La\u00a0<strong>peculiarit\u00e0 del Concorso di composizione<\/strong>, che contraddistingue Palmanova, \u00e8 che le partiture finaliste verranno eseguite dal vivo e verranno premiati, di conseguenza, anche i giovani esecutori.<\/p>\n<p style=\"font-weight: 400\"><strong>La prestigiosa Giuria internazionale<\/strong>\u00a0presieder\u00e0 ai lavori suddivisa in\u00a0<strong>tre sezioni<\/strong>\u00a0e con musicisti rappresentanti le pi\u00f9 diverse aree di studio e di strumento: per il\u00a0<strong>Premio Unesco,\u00a0<\/strong>sotto la\u00a0<strong>presidenza di Franco Calabretto<\/strong>, da sei anni direttore artistico del concorso, il panel conferma la presenza di alcuni storici giurati \u201camici del concorso\u201d da molte edizioni, come\u00a0<strong>il violinista austriaco Helfried Fister e la flautista ungherese Ad\u00e9l Oborzil<\/strong>,<strong>;<\/strong>\u00a0ma ospita per la prima volta a Palmanova, due importanti\u00a0<em>new entry<\/em>: il rinomato\u00a0<strong>didatta e concertista russo Siavush Gadijev<\/strong>, e la\u00a0<strong>pianista slovena Tja\u0161a \u0160ulc Dejanovi\u0107\u00a0<\/strong>docente all\u2019Accademia di Maribor.<\/p>\n<p style=\"font-weight: 400\">Per il\u00a0<strong>Premio Scuole<\/strong>\u00a0la presidenza sar\u00e0 ancora una volta di\u00a0<strong>Felix Resch, compositore<\/strong>, gi\u00e0 Direttore del Conservatorio Monteverdi e Direttore generale delle Scuole di musica in lingua tedesca e ladina della Provincia Autonoma di Bolzano (Italia), che avr\u00e0 accanto\u00a0<strong>Mario Pagotto, compositore<\/strong>\u00a0<strong>e docente<\/strong>\u00a0del Conservatorio di Trieste (Italia), e il\u00a0<strong>chitarrista Andrej Grafenauer<\/strong>, gi\u00e0 Direttore dall\u2019Accademia di Musica dell\u2019Universit\u00e0 di Lubiana (Slovenia).<\/p>\n<p style=\"font-weight: 400\">Infine per la sezione\u00a0<strong>Nuove Musiche<\/strong>\u00a0siederanno al tavolo della Giuria, coordinati dal presidente Mario Pagotto, il\u00a0<strong>compositore austriaco Jakob Gruchmann-Bernau<\/strong>, Vicedirettore della Gustav Mahler Privat Universit\u00e4t Klagenfurt, accanto al compositore e direttore d\u2019orchestra italiano\u00a0<strong>Davide Pitis<\/strong>, docente al Tartini di Trieste. La finale del Premio Nuove Musiche si terr\u00e0 domenica 3 maggio alle ore 10 in Teatro.<\/p>\n<p style=\"font-weight: 400\">Il Concorso di Palmanova \u00e8 una manifestazione che sposa la causa\u00a0<strong>\u201cgreen\u201d,<\/strong>\u00a0grazie ad una piattaforma informatica ideata da\u00a0<strong>Christian Federici<\/strong>, che consente alle\u00a0<strong>Giurie di lavorare senza spreco di carta stampata: gli<\/strong>\u00a0<strong>spartiti e i materiali delle votazioni sono del tutto digitali, tutti i lavori e le notizie dei risultati avvengono in tempo reale, sul web.\u00a0<\/strong>Un sistema che consente una velocit\u00e0 di lavoro delle giurie, nel segno della trasparenza e affidabilit\u00e0, che lo rendono unico nel panorama nazionale, apprezzatissimo da concorrenti e giurati.<\/p>\n<p style=\"font-weight: 400\">Ai concorrenti e ai loro accompagnatori saranno come sempre offerti dei\u00a0<strong>pacchetti turistici con visite didattiche a Palmanova e negli importanti siti turistici e storico-archeologici<\/strong>\u00a0della Regione, grazie alla collaborazione di\u00a0<strong>PromoTurismoFVG<\/strong>\u00a0e di alcuni\u00a0<strong>partner privati,<\/strong>\u00a0con la novit\u00e0 quest\u2019anno di uno\u00a0<strong>speciale tour cittadino gratuito, con punto di ristoro<\/strong>, dedicato ad arricchire la permanenza dei gruppi scolastici.<\/p>\n<p style=\"font-weight: 400\">Questa iniziativa, insieme ai\u00a0<strong>concerti informali che saranno organizzati giorno per giorno in Piazza Grande<\/strong>, tra gli spazi adiacenti il Municipio e la Loggia della Gran Guardia, contribuiranno a\u00a0<strong>far vivere alla citt\u00e0 l\u2019atmosfera festosa della giovent\u00f9 musicale<\/strong>\u00a0che \u201cinvader\u00e0\u201d pacificamente la fortezza fino a\u00a0<strong>domenica 10 maggio alle ore 18.00, quando il Teatro Modena ospiter\u00e0 la festa finale con la cerimonia della consegna delle borse di studio UNESCO.<\/strong><\/p>\n<p style=\"font-weight: 400\">Info, programmi e orari di tutti gli eventi e delle audizioni (sempre ad ingresso libero) sul sito web:\u00a0<a href=\"http:\/\/www.concorsomusicalepalmanova.it\/\" data-saferedirecturl=\"https:\/\/www.google.com\/url?q=http:\/\/www.concorsomusicalepalmanova.it&amp;source=gmail&amp;ust=1777450156599000&amp;usg=AOvVaw0NEkviVlMvu7ruoMFsIYTx\">www.concorsomusicalepalmanova.it<\/a>\u00a0e sulle pagine Facebook e Instagram del Concorso.<\/p>\n","protected":false},"excerpt":{"rendered":"<p>Ancora una volta la Citt\u00e0 di Palmanova si accinge ad essere invasa per una settimana intera da un esercito festante di giovani musicisti provenienti da tutto il mondo: solisti, gruppi cameristici, compositori, cori, orchestre e scuole di musica. Il\u00a0Concorso Musicale Internazionale Citt\u00e0 di Palmanova-Premio Unesco, in programma dal 3 al 10 maggio 2026 nella Citt\u00e0 Stellata,\u00a0sar\u00e0 un momento di confronto (il concorso \u00e8 certamente una competizione, ma \u00e8 soprattutto un momento di incontro) tra culture, scuole, sensibilit\u00e0, tradizioni differenti. Un mosaico di convivenza civile nel segno della civilt\u00e0 musicale, come un grido e un monito contro la violenza e la [&hellip;]<\/p>\n","protected":false},"author":3,"featured_media":13769,"comment_status":"open","ping_status":"open","sticky":false,"template":"","format":"standard","meta":{"footnotes":""},"categories":[3],"tags":[],"class_list":["post-13768","post","type-post","status-publish","format-standard","has-post-thumbnail","hentry","category-fashion"],"_links":{"self":[{"href":"https:\/\/friulitv24.it\/index.php?rest_route=\/wp\/v2\/posts\/13768","targetHints":{"allow":["GET"]}}],"collection":[{"href":"https:\/\/friulitv24.it\/index.php?rest_route=\/wp\/v2\/posts"}],"about":[{"href":"https:\/\/friulitv24.it\/index.php?rest_route=\/wp\/v2\/types\/post"}],"author":[{"embeddable":true,"href":"https:\/\/friulitv24.it\/index.php?rest_route=\/wp\/v2\/users\/3"}],"replies":[{"embeddable":true,"href":"https:\/\/friulitv24.it\/index.php?rest_route=%2Fwp%2Fv2%2Fcomments&post=13768"}],"version-history":[{"count":1,"href":"https:\/\/friulitv24.it\/index.php?rest_route=\/wp\/v2\/posts\/13768\/revisions"}],"predecessor-version":[{"id":13770,"href":"https:\/\/friulitv24.it\/index.php?rest_route=\/wp\/v2\/posts\/13768\/revisions\/13770"}],"wp:featuredmedia":[{"embeddable":true,"href":"https:\/\/friulitv24.it\/index.php?rest_route=\/wp\/v2\/media\/13769"}],"wp:attachment":[{"href":"https:\/\/friulitv24.it\/index.php?rest_route=%2Fwp%2Fv2%2Fmedia&parent=13768"}],"wp:term":[{"taxonomy":"category","embeddable":true,"href":"https:\/\/friulitv24.it\/index.php?rest_route=%2Fwp%2Fv2%2Fcategories&post=13768"},{"taxonomy":"post_tag","embeddable":true,"href":"https:\/\/friulitv24.it\/index.php?rest_route=%2Fwp%2Fv2%2Ftags&post=13768"}],"curies":[{"name":"wp","href":"https:\/\/api.w.org\/{rel}","templated":true}]}}