{"id":13758,"date":"2026-04-27T10:44:46","date_gmt":"2026-04-27T08:44:46","guid":{"rendered":"https:\/\/friulitv24.it\/?p=13758"},"modified":"2026-04-27T10:44:46","modified_gmt":"2026-04-27T08:44:46","slug":"contratto-di-fiume-noncello-avviato-il-percorso-per-la-costituzione-dellecomuseo-del-noncello","status":"publish","type":"post","link":"https:\/\/friulitv24.it\/?p=13758","title":{"rendered":"Contratto di Fiume Noncello: avviato il percorso per la costituzione dell\u2019Ecomuseo del Noncello"},"content":{"rendered":"<p>Si \u00e8 tenuta nell\u2019aula del Consiglio comunale di Porcia la nuova assemblea del Contratto di Fiume Noncello, che ha avuto come focus principale la costituzione dell\u2019Ecomuseo del Noncello, una delle azioni pi\u00f9 rilevanti previste all\u2019interno del Contratto.<\/p>\n<p>L\u2019Ecomuseo rappresenta un progetto strategico per la sua natura trasversale, che coinvolge tutti i soggetti sottoscrittori, ed \u00e8 inoltre inserito tra i progetti principali di Pordenone Capitale italiana della Cultura, il cui dossier \u00e9 fortemente legato alla cultura dell\u2019acqua per la presenza \u2013 prima volta in Italia \u2013 del contributo della comunit\u00e1 tematica del contratto di fiume.<\/p>\n<p>Alla riunione hanno preso parte i rappresentanti dei Comuni coinvolti, i sottoscrittori, l\u2019universit\u00e0 di Udine e i referenti tecnici di Pordenone Capitale della Cultura 2027.<\/p>\n<p>\u201cL\u2019Ecomuseo del Noncello \u00e8 un progetto di grande valore perch\u00e9 mette in relazione ambiente, cultura, identit\u00e0 territoriale e capacit\u00e0 di fare rete tra istituzioni e comunit\u00e0. Attraverso questo percorso vogliamo rendere il Noncello sempre pi\u00f9 leggibile, riconoscibile e vissuto come patrimonio comune, rafforzando al tempo stesso la consapevolezza ambientale e il legame del territorio con il suo fiume\u201d, \u00e8 il commento dell\u2019assessore all\u2019Ambiente Mattia Tirelli.<\/p>\n<p>Nel corso dell\u2019incontro sono stati delineati i primi profili del progetto, sia sotto il punto di vista dei contenuti sia per quanto riguarda i luoghi individuati lungo il percorso del Noncello all\u2019interno dei tre Comuni, dove l\u2019Ecomuseo prender\u00e0 forma come museo diffuso e itinerante. Per il Comune di Pordenone sono stati indicati l\u2019area delle antiche mura e il Museo di Storia Naturale Silvia Zenari.<\/p>\n<p>L\u2019assemblea ha inoltre consentito di approfondire il cronoprogramma finalizzato alla costituzione di un soggetto giuridico autonomo, destinato a rappresentare il cuore dell\u2019Ecomuseo e a rafforzarne la capacit\u00e0 operativa, anche sotto il profilo della raccolta di finanziamenti e dell\u2019intercettazione di risorse.<\/p>\n","protected":false},"excerpt":{"rendered":"<p>Si \u00e8 tenuta nell\u2019aula del Consiglio comunale di Porcia la nuova assemblea del Contratto di Fiume Noncello, che ha avuto come focus principale la costituzione dell\u2019Ecomuseo del Noncello, una delle azioni pi\u00f9 rilevanti previste all\u2019interno del Contratto. L\u2019Ecomuseo rappresenta un progetto strategico per la sua natura trasversale, che coinvolge tutti i soggetti sottoscrittori, ed \u00e8 inoltre inserito tra i progetti principali di Pordenone Capitale italiana della Cultura, il cui dossier \u00e9 fortemente legato alla cultura dell\u2019acqua per la presenza \u2013 prima volta in Italia \u2013 del contributo della comunit\u00e1 tematica del contratto di fiume. Alla riunione hanno preso parte i [&hellip;]<\/p>\n","protected":false},"author":3,"featured_media":13759,"comment_status":"open","ping_status":"open","sticky":false,"template":"","format":"standard","meta":{"footnotes":""},"categories":[3],"tags":[],"class_list":["post-13758","post","type-post","status-publish","format-standard","has-post-thumbnail","hentry","category-fashion"],"_links":{"self":[{"href":"https:\/\/friulitv24.it\/index.php?rest_route=\/wp\/v2\/posts\/13758","targetHints":{"allow":["GET"]}}],"collection":[{"href":"https:\/\/friulitv24.it\/index.php?rest_route=\/wp\/v2\/posts"}],"about":[{"href":"https:\/\/friulitv24.it\/index.php?rest_route=\/wp\/v2\/types\/post"}],"author":[{"embeddable":true,"href":"https:\/\/friulitv24.it\/index.php?rest_route=\/wp\/v2\/users\/3"}],"replies":[{"embeddable":true,"href":"https:\/\/friulitv24.it\/index.php?rest_route=%2Fwp%2Fv2%2Fcomments&post=13758"}],"version-history":[{"count":1,"href":"https:\/\/friulitv24.it\/index.php?rest_route=\/wp\/v2\/posts\/13758\/revisions"}],"predecessor-version":[{"id":13760,"href":"https:\/\/friulitv24.it\/index.php?rest_route=\/wp\/v2\/posts\/13758\/revisions\/13760"}],"wp:featuredmedia":[{"embeddable":true,"href":"https:\/\/friulitv24.it\/index.php?rest_route=\/wp\/v2\/media\/13759"}],"wp:attachment":[{"href":"https:\/\/friulitv24.it\/index.php?rest_route=%2Fwp%2Fv2%2Fmedia&parent=13758"}],"wp:term":[{"taxonomy":"category","embeddable":true,"href":"https:\/\/friulitv24.it\/index.php?rest_route=%2Fwp%2Fv2%2Fcategories&post=13758"},{"taxonomy":"post_tag","embeddable":true,"href":"https:\/\/friulitv24.it\/index.php?rest_route=%2Fwp%2Fv2%2Ftags&post=13758"}],"curies":[{"name":"wp","href":"https:\/\/api.w.org\/{rel}","templated":true}]}}