{"id":13751,"date":"2026-04-27T10:36:14","date_gmt":"2026-04-27T08:36:14","guid":{"rendered":"https:\/\/friulitv24.it\/?p=13751"},"modified":"2026-04-27T10:36:14","modified_gmt":"2026-04-27T08:36:14","slug":"magnano-ricorda-lorcolat-con-un-mega-murale-e-una-canzone","status":"publish","type":"post","link":"https:\/\/friulitv24.it\/?p=13751","title":{"rendered":"Magnano ricorda l\u2019Orcolat con un mega murale e una canzone"},"content":{"rendered":"<p>Erano le nove di sera del 6 maggio 1976 quando la terra trem\u00f2: in pochi secondi l\u2019Orcolat spezz\u00f2 vite e cancell\u00f2 case e chiese. Magnano in Riviera fu uno dei paesi che ne subirono la furia. Cinquant\u2019anni dopo, quella comunit\u00e0 si ritrover\u00e0 attorno a un parco per dire che la memoria non \u00e8 un peso, ma una radice.<\/p>\n<p><b>Domenica 3 maggio 2026, a partire dalle ore 12.00, il Comune di Magnano in Riviera inaugurer\u00e0 un murale che decorer\u00e0 una delle pareti del parco comunale di via Guglielmo Marconi<\/b>: un omaggio a chi, da giovane, visse la tragedia del sisma e contribu\u00ec alla straordinaria opera di ricostruzione che rese il Friuli un esempio per il mondo intero. L\u2019evento, sostenuto dalla Regione FVG e dal Consiglio Regionale del FVG, \u00e8 organizzato dall&#8217;Amministrazione con il supporto della\u00a0<strong>Pro Loco di Magnano in Riviera e<\/strong>\u00a0del Coro Musicanova.<\/p>\n<p>La scelta nasce dalla volont\u00e0 di dare un senso a uno spazio pubblico privo di connotazione: un atto amministrativo e culturale per restituire alla comunit\u00e0 un luogo fisico dove la storia possa essere vissuta, raccontata e trasmessa.\u00a0<b>Le pareti in cemento sono state trasformate dall\u2019artista Simone Mestroni in un\u2019opera pittorica di grande formato<\/b>. Il murale, che sar\u00e0 presentato al pubblico per la prima volta, racconta attraverso immagini simboliche il sisma, la distruzione e la rinascita, in dialogo diretto con il contesto architettonico e paesaggistico del luogo. Non una cronaca visiva, ma una narrazione per simboli capace di colpire anche chi quella storia non l\u2019ha vissuta sulla propria pelle. Un intervento artistico che contribuisce, al tempo stesso, alla riqualificazione estetica e culturale dell\u2019intera area.<\/p>\n<p><b>La cerimonia sar\u00e0 accompagnata da un brano musicale originale, &#8220;I bambini del &#8217;76&#8221;, composto dalla musicista Barbara Sabbadini, scritto da Stefano Ferro ed eseguito dal vivo dal Coro Musicanova<\/b><b>\u00a0diretto dal maestro Aldo Micco<\/b>. La composizione nasce da un approccio volutamente non retorico al tema: nessuna enfasi tragica, ma una rievocazione poetica capace di evocare consapevolezza, dignit\u00e0 e forza collettiva. Al centro della narrazione musicale, alcune frasi ispirate a un quaderno scritto dai bambini di Magnano nell\u2019anno successivo al sisma: testimonianze dirette, semplici e potenti, che restituiscono l\u2019esperienza vissuta con un\u2019autenticit\u00e0 che nessuna ricostruzione storica potrebbe eguagliare.<\/p>\n<p>L\u2019evento \u00e8 aperto al pubblico e la partecipazione \u00e8 libera e gratuita. In caso di maltempo, la cerimonia si terr\u00e0 al Polifunzionale di via Montessori.<\/p>\n","protected":false},"excerpt":{"rendered":"<p>Erano le nove di sera del 6 maggio 1976 quando la terra trem\u00f2: in pochi secondi l\u2019Orcolat spezz\u00f2 vite e cancell\u00f2 case e chiese. Magnano in Riviera fu uno dei paesi che ne subirono la furia. Cinquant\u2019anni dopo, quella comunit\u00e0 si ritrover\u00e0 attorno a un parco per dire che la memoria non \u00e8 un peso, ma una radice. Domenica 3 maggio 2026, a partire dalle ore 12.00, il Comune di Magnano in Riviera inaugurer\u00e0 un murale che decorer\u00e0 una delle pareti del parco comunale di via Guglielmo Marconi: un omaggio a chi, da giovane, visse la tragedia del sisma e [&hellip;]<\/p>\n","protected":false},"author":3,"featured_media":13752,"comment_status":"open","ping_status":"open","sticky":false,"template":"","format":"standard","meta":{"footnotes":""},"categories":[3],"tags":[],"class_list":["post-13751","post","type-post","status-publish","format-standard","has-post-thumbnail","hentry","category-fashion"],"_links":{"self":[{"href":"https:\/\/friulitv24.it\/index.php?rest_route=\/wp\/v2\/posts\/13751","targetHints":{"allow":["GET"]}}],"collection":[{"href":"https:\/\/friulitv24.it\/index.php?rest_route=\/wp\/v2\/posts"}],"about":[{"href":"https:\/\/friulitv24.it\/index.php?rest_route=\/wp\/v2\/types\/post"}],"author":[{"embeddable":true,"href":"https:\/\/friulitv24.it\/index.php?rest_route=\/wp\/v2\/users\/3"}],"replies":[{"embeddable":true,"href":"https:\/\/friulitv24.it\/index.php?rest_route=%2Fwp%2Fv2%2Fcomments&post=13751"}],"version-history":[{"count":1,"href":"https:\/\/friulitv24.it\/index.php?rest_route=\/wp\/v2\/posts\/13751\/revisions"}],"predecessor-version":[{"id":13753,"href":"https:\/\/friulitv24.it\/index.php?rest_route=\/wp\/v2\/posts\/13751\/revisions\/13753"}],"wp:featuredmedia":[{"embeddable":true,"href":"https:\/\/friulitv24.it\/index.php?rest_route=\/wp\/v2\/media\/13752"}],"wp:attachment":[{"href":"https:\/\/friulitv24.it\/index.php?rest_route=%2Fwp%2Fv2%2Fmedia&parent=13751"}],"wp:term":[{"taxonomy":"category","embeddable":true,"href":"https:\/\/friulitv24.it\/index.php?rest_route=%2Fwp%2Fv2%2Fcategories&post=13751"},{"taxonomy":"post_tag","embeddable":true,"href":"https:\/\/friulitv24.it\/index.php?rest_route=%2Fwp%2Fv2%2Ftags&post=13751"}],"curies":[{"name":"wp","href":"https:\/\/api.w.org\/{rel}","templated":true}]}}