{"id":13734,"date":"2026-04-22T15:34:08","date_gmt":"2026-04-22T13:34:08","guid":{"rendered":"https:\/\/friulitv24.it\/?p=13734"},"modified":"2026-04-22T15:34:08","modified_gmt":"2026-04-22T13:34:08","slug":"e-salva-la-residenza-assistenziale-alberghiera-di-cimolais","status":"publish","type":"post","link":"https:\/\/friulitv24.it\/?p=13734","title":{"rendered":"\u00c8 salva la Residenza Assistenziale Alberghiera di Cimolais\u00a0"},"content":{"rendered":"<p><span style=\"font-weight: 400\">Cimolais, 22\/04\/2026 \u2013 \u00c8 notizia recente quella del concreto rischio di chiusura della Residenza <\/span><span style=\"font-weight: 400\">Assistenziale Alberghiera di Cimolais, dotata di 32 posti per anziani autosufficienti. Una struttura di <\/span><span style=\"font-weight: 400\">basilare importanza per tutti quei cittadini della Valcellina che, a causa delle problematiche legate all\u2019et\u00e0 avanzata e alla salute, non possono pi\u00f9 gestirsi da soli nella propria casa ma che non vogliono abbandonare la loro terra, alla quale sono legati da una vita intera. La casa per anziani di Cimolais ovviava anche alla chiusura dell\u2019analoga struttura di Andreis, avvenuta qualche anno fa.\u00a0<\/span><\/p>\n<p><span style=\"font-weight: 400\">La chiusura della residenza di Cimolais era stata ventilata in seguito alla comunicazione <\/span><span style=\"font-weight: 400\">dell\u2019attuale gestore, Coop Itaca, che intende sospendere il servizio in tempi brevi. Del problema si <\/span><span style=\"font-weight: 400\">\u00e8 interessata anche la Regione Friuli Venezia Giulia, grazie all\u2019Assessore regionale alla Salute Riccardo Riccardi. Ma fortunatamente, in tempi brevissimi, l\u2019Amministrazione comunale di Cimolais \u00e8 riuscita a trovare una soluzione eccellente per scongiurare la chiusura di questa struttura dall\u2019alto valore sociale, in grado non solo di ospitare i residenti anziani, alcuni dei quali vivono nella residenza da oltre 20 anni, ma anche di offrire posti di lavoro in una valle che risente dello <\/span><span style=\"font-weight: 400\">spopolamento tipico delle zone montane.\u00a0<\/span><\/p>\n<p><span style=\"font-weight: 400\">La bella notizia ci giunge dal Vicesindaco e Assessore alle Politiche Sociali di Cimolais, Luigia Furlan, che riassume l\u2019iter affrontato dal Comune per giungere al \u201clieto fine\u201d: \u00abL\u2019Amministrazione comunale di Cimolais, forte della convinzione che bisognava assolutamente trovare una soluzione per garantire la continuit\u00e0 di questo servizio, ha individuato una Cooperativa che, in seguito ai colloqui intercorsi, ha dimostrato il proprio interesse a ricevere in locazione la struttura di Cimolais, <\/span><span style=\"font-weight: 400\">per avviare una nuova gestione.\u00bb\u00a0<\/span><\/p>\n<p><span style=\"font-weight: 400\">\u00abLa Cooperativa Sociale Foenis di Cordenons \u2013 continua Luigia Furlan \u2013 opera dal 2015 nella gestione di comunit\u00e0 alloggio per anziani autosufficienti a Cordenons, Pordenone, Aviano e Belluno; all\u2019interno del nostro Comune \u00e8 gi\u00e0 ampiamente conosciuta, poich\u00e9 nel corso degli anni ha maturato una significativa esperienza nella gestione di servizi socio-educativi, organizzando in maniera continuativa il Centro Estivo per ragazzi e dimostrando elevati livelli di seriet\u00e0, affidabilit\u00e0 <\/span><span style=\"font-weight: 400\">e professionalit\u00e0. La stessa Cooperativa ha inoltre consolidato la propria presenza sul territorio <\/span><span style=\"font-weight: 400\">attraverso la realizzazione di progettualit\u00e0 innovative e trasversali, in collaborazione con gli ospiti della Casa Anziani di Cimolais, favorendo percorsi di inclusione e partecipazione attiva, tra i quali il recente progetto dell\u2019Orto Collettivo Sociale. Oltre alla gestione della Residenza Assistenziale Alberghiera, la Cooperativa Foenis si \u00e8 resa disponibile anche a dare continuit\u00e0 al servizio di fornitura di pasti caldi a domicilio, un altro importante gesto di aiuto nei confronti dei residenti fragili <\/span><span style=\"font-weight: 400\">del Comune.\u00bb\u00a0<\/span><\/p>\n<p><span style=\"font-weight: 400\">\u00abLa Giunta comunale di Cimolais, con apposita delibera, ha espresso parere favorevole alla stipula del contratto di locazione e questo \u00e8 il risultato congiunto degli sforzi di tutti noi per mantenere viva, sotto ogni aspetto, la nostra comunit\u00e0. Vogliamo ringraziare la Regione per il suo interessamento, che non deve spegnersi in funzione di questo risultato ma potr\u00e0 essere un punto di partenza per costruire nuove progettualit\u00e0 volte a definire un modello sostenibile per le strutture <\/span><span style=\"font-weight: 400\">destinate agli anziani nelle aree interne. L\u2019aspettativa di vita \u00e8 sempre pi\u00f9 alta ma in molti casi le <\/span><span style=\"font-weight: 400\">persone hanno problematiche tali da non permettere loro di vivere da soli; le residenze per anziani rappresentano un sostegno irrinunciabile nei confronti di chi ha scelto di vivere in montagna e ha dato il suo contributo alla comunit\u00e0. \u00c8 compito dunque degli amministratori, regionali e locali, prendersi cura della propria gente e fare in modo che possa vivere la \u201cterza et\u00e0\u201d in serenit\u00e0 e armonia, nella sicurezza di una struttura assistita e in un clima di socialit\u00e0.\u00bb<\/span><\/p>\n","protected":false},"excerpt":{"rendered":"<p>Cimolais, 22\/04\/2026 \u2013 \u00c8 notizia recente quella del concreto rischio di chiusura della Residenza Assistenziale Alberghiera di Cimolais, dotata di 32 posti per anziani autosufficienti. Una struttura di basilare importanza per tutti quei cittadini della Valcellina che, a causa delle problematiche legate all\u2019et\u00e0 avanzata e alla salute, non possono pi\u00f9 gestirsi da soli nella propria casa ma che non vogliono abbandonare la loro terra, alla quale sono legati da una vita intera. La casa per anziani di Cimolais ovviava anche alla chiusura dell\u2019analoga struttura di Andreis, avvenuta qualche anno fa.\u00a0 La chiusura della residenza di Cimolais era stata ventilata in [&hellip;]<\/p>\n","protected":false},"author":3,"featured_media":13735,"comment_status":"open","ping_status":"open","sticky":false,"template":"","format":"standard","meta":{"footnotes":""},"categories":[3],"tags":[],"class_list":["post-13734","post","type-post","status-publish","format-standard","has-post-thumbnail","hentry","category-fashion"],"_links":{"self":[{"href":"https:\/\/friulitv24.it\/index.php?rest_route=\/wp\/v2\/posts\/13734","targetHints":{"allow":["GET"]}}],"collection":[{"href":"https:\/\/friulitv24.it\/index.php?rest_route=\/wp\/v2\/posts"}],"about":[{"href":"https:\/\/friulitv24.it\/index.php?rest_route=\/wp\/v2\/types\/post"}],"author":[{"embeddable":true,"href":"https:\/\/friulitv24.it\/index.php?rest_route=\/wp\/v2\/users\/3"}],"replies":[{"embeddable":true,"href":"https:\/\/friulitv24.it\/index.php?rest_route=%2Fwp%2Fv2%2Fcomments&post=13734"}],"version-history":[{"count":1,"href":"https:\/\/friulitv24.it\/index.php?rest_route=\/wp\/v2\/posts\/13734\/revisions"}],"predecessor-version":[{"id":13736,"href":"https:\/\/friulitv24.it\/index.php?rest_route=\/wp\/v2\/posts\/13734\/revisions\/13736"}],"wp:featuredmedia":[{"embeddable":true,"href":"https:\/\/friulitv24.it\/index.php?rest_route=\/wp\/v2\/media\/13735"}],"wp:attachment":[{"href":"https:\/\/friulitv24.it\/index.php?rest_route=%2Fwp%2Fv2%2Fmedia&parent=13734"}],"wp:term":[{"taxonomy":"category","embeddable":true,"href":"https:\/\/friulitv24.it\/index.php?rest_route=%2Fwp%2Fv2%2Fcategories&post=13734"},{"taxonomy":"post_tag","embeddable":true,"href":"https:\/\/friulitv24.it\/index.php?rest_route=%2Fwp%2Fv2%2Ftags&post=13734"}],"curies":[{"name":"wp","href":"https:\/\/api.w.org\/{rel}","templated":true}]}}