{"id":13433,"date":"2026-03-13T16:16:18","date_gmt":"2026-03-13T15:16:18","guid":{"rendered":"https:\/\/friulitv24.it\/?p=13433"},"modified":"2026-03-13T16:16:18","modified_gmt":"2026-03-13T15:16:18","slug":"prove-gratuite-per-formare-il-coro-delluniversita-delle-libereta-di-udine-in-cattedra-uneccellenza-il-maestro-walter-themel","status":"publish","type":"post","link":"https:\/\/friulitv24.it\/?p=13433","title":{"rendered":"PROVE GRATUITE PER FORMARE IL CORO DELL&#8217;UNIVERSITA&#8217; DELLE LIBERETA&#8217; DI UDINE: IN &#8220;CATTEDRA&#8221; UN&#8217;ECCELLENZA, IL MAESTRO WALTER THEMEL"},"content":{"rendered":"<p>UDINE \/ Costituire un\u00a0<b>coro dell&#8217;Universit\u00e0 delle LiberEt\u00e0<\/b>: \u00e8 l&#8217;obiettivo che l&#8217;importante realt\u00e0 formativa udinese si \u00e8 prefissa per l&#8217;anno in corso, per arricchire ancor pi\u00f9 il suo gi\u00e0 amplissimo ventaglio di proposte e per offrire agli interessati un&#8217;ulteriore, preziosa occasione di espressione artistica e nel contempo di socialit\u00e0. Grazie alla disponibilit\u00e0 del\u00a0<b>maestro Walter Themel, professionista dal prestigioso curriculum<\/b>, \u00e8 stato organizzato\u00a0<b>il corso &#8220;Prove di coro&#8221;: le lezioni cominceranno venerd\u00ec 10 aprile 2026 e si svolgeranno nella fascia oraria 18.15-20.15<\/b>. La partecipazione sar\u00e0\u00a0<b>gratuita<\/b>, in omaggio con il tesseramento all\u2019ente: il percorso \u00e8 appunto propedeutico alla formazione del gruppo corale.<\/p>\n<p>\u00abSi tratta di una prima esperienza, destinata a proseguire in futuro &#8211; comunica la presidente dell&#8217;Universit\u00e0 delle LiberEt\u00e0, Pina Raso &#8211; da settembre a maggio. \u00c8 prevista pure l&#8217;organizzazione di esibizioni\u00bb.\u00a0Non sono stati fissati limiti di adesioni: tutti sono i benvenuti. \u00abAscolter\u00f2 preventivamente ogni partecipante &#8211; anticipa il maestro Themel -, per inquadrare le singole propensioni. Inizieremo con l&#8217;esecuzione di brani semplici, per poi proseguire gradualmente. L&#8217;intenzione &#8211; conferma &#8211; sarebbe di costruire un percorso che possa sfociare anche nella promozione di concerti, in date simboliche, per esempio in prossimit\u00e0 delle festivit\u00e0 natalizie e alla fine dell&#8217;anno di studi, prima dell&#8217;estate\u00bb.<\/p>\n<p><b>Direttore d\u2019orchestra, maestro di coro e didatta, Walter Themel\u00a0<\/b>si \u00e8 diplomato in Composizione, Musica corale e Direzione di coro, Organo e Composizione organistica\u00a0 presso i Conservatori di Udine e Venezia. Si \u00e8 perfezionato in direzione d&#8217;orchestra con Franco Ferrara a Siena e con Sergiu Celibidache a Mainz e a Monaco di Baviera. Ha insegnato Armonia, Contrappunto e Analisi musicale presso i conservatori di Verona, Trieste, Udine e all\u2019Universit\u00e0 degli Studi di Udine, al DAMS di Gorizia. Per parecchi anni ha ricoperto la funzione di Maestro sostituto e Direttore del Coro da Camera della Rai di Roma.\u00a0 Ha fondato e diretto il Coro Monteverdi di Udine e il Coro dell\u2019Universit\u00e0 di Udine e diretto a lungo la Polifonica Caprivese e la Polifonica Tomadini di San Vito al Tagliamento. Nel corso della sua attivit\u00e0 didattica ha formato varie orchestre d\u2019archi giovanili (ultima la Friuli Sinfonietta), i cui componenti figurano oggi nelle pi\u00f9 prestigiose orchestre sinfoniche nazionali e internazionali. Con la fondazione, nel 1995, e la direzione dell&#8217;Orchestra da Camera Collegium Musicum si \u00e8 imposto a livello internazionale per la qualit\u00e0 musicale, vincendo (sempre nel &#8217;95) il primo premio al Concorso Internazionale di Stresa, che gli ha permesso di registrare quattro cd per l&#8217;etichetta Agor\u00e0 di Milano. Ha diretto numerose orchestre sinfoniche e da camera in Italia e all&#8217;estero. Due\u00a0anni fa, inoltre, \u00e8 stata pubblicata da Volont\u00e9 &amp; C di Milano l&#8217;edizione in italiano &#8211; curata dal maestro, con traduzione dal tedesco &#8211; del primo volume del &#8220;Manuale di direzione corale&#8221; di Kurt Thomas, uno dei capisaldi della didattica corale di tutti i tempi (edito in Germania dalla Breitkopf &amp; H\u00e4rtel).<\/p>\n","protected":false},"excerpt":{"rendered":"<p>UDINE \/ Costituire un\u00a0coro dell&#8217;Universit\u00e0 delle LiberEt\u00e0: \u00e8 l&#8217;obiettivo che l&#8217;importante realt\u00e0 formativa udinese si \u00e8 prefissa per l&#8217;anno in corso, per arricchire ancor pi\u00f9 il suo gi\u00e0 amplissimo ventaglio di proposte e per offrire agli interessati un&#8217;ulteriore, preziosa occasione di espressione artistica e nel contempo di socialit\u00e0. Grazie alla disponibilit\u00e0 del\u00a0maestro Walter Themel, professionista dal prestigioso curriculum, \u00e8 stato organizzato\u00a0il corso &#8220;Prove di coro&#8221;: le lezioni cominceranno venerd\u00ec 10 aprile 2026 e si svolgeranno nella fascia oraria 18.15-20.15. La partecipazione sar\u00e0\u00a0gratuita, in omaggio con il tesseramento all\u2019ente: il percorso \u00e8 appunto propedeutico alla formazione del gruppo corale. \u00abSi tratta [&hellip;]<\/p>\n","protected":false},"author":3,"featured_media":13434,"comment_status":"open","ping_status":"open","sticky":false,"template":"","format":"standard","meta":{"footnotes":""},"categories":[3],"tags":[],"class_list":["post-13433","post","type-post","status-publish","format-standard","has-post-thumbnail","hentry","category-fashion"],"_links":{"self":[{"href":"https:\/\/friulitv24.it\/index.php?rest_route=\/wp\/v2\/posts\/13433","targetHints":{"allow":["GET"]}}],"collection":[{"href":"https:\/\/friulitv24.it\/index.php?rest_route=\/wp\/v2\/posts"}],"about":[{"href":"https:\/\/friulitv24.it\/index.php?rest_route=\/wp\/v2\/types\/post"}],"author":[{"embeddable":true,"href":"https:\/\/friulitv24.it\/index.php?rest_route=\/wp\/v2\/users\/3"}],"replies":[{"embeddable":true,"href":"https:\/\/friulitv24.it\/index.php?rest_route=%2Fwp%2Fv2%2Fcomments&post=13433"}],"version-history":[{"count":1,"href":"https:\/\/friulitv24.it\/index.php?rest_route=\/wp\/v2\/posts\/13433\/revisions"}],"predecessor-version":[{"id":13435,"href":"https:\/\/friulitv24.it\/index.php?rest_route=\/wp\/v2\/posts\/13433\/revisions\/13435"}],"wp:featuredmedia":[{"embeddable":true,"href":"https:\/\/friulitv24.it\/index.php?rest_route=\/wp\/v2\/media\/13434"}],"wp:attachment":[{"href":"https:\/\/friulitv24.it\/index.php?rest_route=%2Fwp%2Fv2%2Fmedia&parent=13433"}],"wp:term":[{"taxonomy":"category","embeddable":true,"href":"https:\/\/friulitv24.it\/index.php?rest_route=%2Fwp%2Fv2%2Fcategories&post=13433"},{"taxonomy":"post_tag","embeddable":true,"href":"https:\/\/friulitv24.it\/index.php?rest_route=%2Fwp%2Fv2%2Ftags&post=13433"}],"curies":[{"name":"wp","href":"https:\/\/api.w.org\/{rel}","templated":true}]}}