{"id":13418,"date":"2026-03-12T17:58:05","date_gmt":"2026-03-12T16:58:05","guid":{"rendered":"https:\/\/friulitv24.it\/?p=13418"},"modified":"2026-03-12T17:58:05","modified_gmt":"2026-03-12T16:58:05","slug":"progetto-fvg-comunita-digitale-sabato-14-marzo-ore-10-salone-del-popolo-truffe-e-furti-informatici-un-incontro-per-difendersi-online-tra-tecnologia-e-diritto","status":"publish","type":"post","link":"https:\/\/friulitv24.it\/?p=13418","title":{"rendered":"PROGETTO \u201cFVG\u00a0COMUNIT\u00c0 DIGITALE\u201d. Sabato 14 marzo ore 10, Salone del Popolo.  \u201cTruffe e furti informatici: un incontro per difendersi online tra tecnologia e diritto\u201d"},"content":{"rendered":"<p style=\"font-weight: 400\">Come riconoscere una truffa online, prevenire il furto di credenziali e sapere quali tutele attivare in caso di frode: sono questi i temi al centro dell\u2019incontro\u00a0<strong><em>\u201cTruffe e furti informatici: difendersi online tra tecnologia e diritto\u201d\u00a0<\/em><\/strong>in programma sabato 14 marzo alle 10 nel Salone del Popolo del Municipio di Udine.<\/p>\n<p style=\"font-weight: 400\">Phishing e smishing, furto di credenziali, accessi non autorizzati ad account e frodi online: i reati informatici sono in costante evoluzione e sempre pi\u00f9 sofisticati. L\u2019incontro intende offrire un quadro chiaro delle minacce pi\u00f9 diffuse e, soprattutto, dei rimedi concretamente attivabili e delle tutele giuridiche previste, con indicazioni utili per riconoscere i segnali d\u2019allarme, ridurre i rischi e sapere come agire in caso di truffa o compromissione di un profilo digitale.<\/p>\n<p style=\"font-weight: 400\">Relatore dell\u2019appuntamento sar\u00e0 l\u2019avvocato\u00a0<strong>David D\u2019Agostini<\/strong>, professore di \u201cInformatica e diritto\u201d presso l\u2019Universit\u00e0 degli studi di Udine dal 2014 al 2021 ed esperto di di reati informatici, propriet\u00e0 industriale e intellettuale, privacy e sicurezza, firma digitale e comunicazioni telematiche.\u00a0\u00a0D\u2019Agostini guider\u00e0 il pubblico tra aspetti tecnologici e profili di diritto, con un taglio pratico e orientato alla protezione dell\u2019utente.<\/p>\n<p style=\"font-weight: 400\">Per le iscrizioni:\u00a0<a href=\"https:\/\/www.associazionelaprora.it\/event\/truffe-e-furti-informatici-difendersi-online-tra-tecnologia-e-diritto\/\" data-saferedirecturl=\"https:\/\/www.google.com\/url?q=https:\/\/www.associazionelaprora.it\/event\/truffe-e-furti-informatici-difendersi-online-tra-tecnologia-e-diritto\/&amp;source=gmail&amp;ust=1773420403658000&amp;usg=AOvVaw3ZC38-eQIKY0u6IL-V7KVo\">https:\/\/www.associazionelaprora.it\/event\/truffe-e-furti-informatici-difendersi-online-tra-tecnologia-e-diritto\/<\/a><\/p>\n<p style=\"font-weight: 400\"><em>\u201cQuesto incontro si inserisce in un percorso avviato gi\u00e0 diversi mesi fa dal Comune di Udine insieme all\u2019associazione La Prora l\u2019AICA e ALSI, con punti di facilitazione digitale, conferenze, incontri di approfondimento e formazione, ma anche iniziative di sensibilizzazione e alfabetizzazione digitale rivolte alla cittadinanza. L\u2019obiettivo \u00e8 avvicinare sempre di pi\u00f9 gli udinesi al mondo del digitale, offrendo strumenti concreti per orientarsi con maggiore consapevolezza in un ambito che fa parte della vita quotidiana di tutti. Accanto alle opportunit\u00e0, \u00e8 per\u00f2 fondamentale conoscere anche i rischi legati all\u2019uso delle tecnologie, per questo riteniamo importante promuovere occasioni informative come questa, utili a rendere i cittadini pi\u00f9 preparati e pi\u00f9 sicuri\u201d,<\/em>\u00a0sottolinea l\u2019assessore a Smart City e innovazione digitale\u00a0<strong>Gea Arcella<\/strong>.<\/p>\n<p style=\"font-weight: 400\"><em>\u201cIniziative come l\u2019incontro \u201cTruffe e furti informatici\u201d rappresentano un passo fondamentale per costruire comunit\u00e0 digitali pi\u00f9 informate, autonome e capaci di difendersi online. Oggi saper usare le tecnologie non basta pi\u00f9: \u00e8 sempre pi\u00f9 importante saperle usare in modo consapevole. Truffe online, furti di identit\u00e0 digitale e attacchi informatici sono fenomeni in crescita che colpiscono cittadini di tutte le et\u00e0.<\/em><\/p>\n<p style=\"font-weight: 400\"><em>Per questo AICA \u00e8 da anni impegnata nella diffusione delle competenze digitali di base e avanzate, anche attraverso programmi di certificazione riconosciuti a livello internazionale, in oltre 100 Paesi, come ICDL, che propongono iniziative differenziate dedicate alla sicurezza informatica e alla protezione dei dati personali, adatte a ogni profilo. Si va da singoli moduli, che propongono da un lato competenze di base come \u201cICDL Cittadinanza digitale\u201d, fino a moduli pi\u00f9 specifici come \u201cICDL Intelligenza artificiale\u201d, rivolto a professionisti non tecnici che desiderano acquisire abilit\u00e0 per comprendere meglio l\u2019AI, a cittadini interessati ad esplorare i principi di questa tecnologia e a studenti che desiderano aggiungere conoscenze tecniche ai loro studi, e come \u201cICDL Cyber Security &#8211; Specialised Level\u201d, che aiuta a fornire le competenze per identificare e trattare le minacce associate all&#8217;uso delle tecnologie, migliorando la capacit\u00e0 di gestire in modo sicuro i propri dati e quelli delle organizzazioni per cui si lavora. Inoltre vengono promossi interi percorsi, come la Certificazione Internazionale di Alfabetizzazione Digitale (CIAD) di AICA \u201cDigComp 2.2 per utente qualificato di computer\u201d valida per tutti i cittadini che pu\u00f2 essere utilizzata in particolare da insegnanti e formatori per Bandi e Concorsi pubblici e la certificazione AICA DigCompEdu, allineata al quadro europeo\u00a0Digital Competence Framework for Educators (DigCompEdu), ideale per le esigenze dei docenti e valida per le graduatorie GPS 2026<\/em>\u201d afferma\u00a0<strong>Antonio Piva<\/strong>, Presidente AICA<\/p>\n<p style=\"font-weight: 400\">Il progetto \u00e8 stato proposto dall\u2019ATS \u2013 Associazione Temporanea di Scopo formata dall\u2019Associazione La Prora A.P.S. ETS, dall\u2019AICA \u2013 Associazione Italiana per l\u2019Informatica e il Calcolo Automatico e dall\u2019ALSI \u2013 Associazione dei Laureati in Scienze dell\u2019Informazione e Informatica.<\/p>\n<p style=\"font-weight: 400\">L\u2019ATS La Prora\/AICA\/ALSI ha stipulato con il Comune di Udine una convenzione per avviare, organizzare e gestire il progetto \u201cFVG Comunit\u00e0 digitale\u201d, con lo scopo di garantire nell\u2019ambito del proprio territorio l\u2019erogazione a titolo gratuito di attivit\u00e0 di facilitazione digitale tramite la promozione di corsi di formazione, seminari, webinar, corsi online e altri interventi compatibili con la Misura PNRR 1.7.2.<\/p>\n","protected":false},"excerpt":{"rendered":"<p>Come riconoscere una truffa online, prevenire il furto di credenziali e sapere quali tutele attivare in caso di frode: sono questi i temi al centro dell\u2019incontro\u00a0\u201cTruffe e furti informatici: difendersi online tra tecnologia e diritto\u201d\u00a0in programma sabato 14 marzo alle 10 nel Salone del Popolo del Municipio di Udine. Phishing e smishing, furto di credenziali, accessi non autorizzati ad account e frodi online: i reati informatici sono in costante evoluzione e sempre pi\u00f9 sofisticati. L\u2019incontro intende offrire un quadro chiaro delle minacce pi\u00f9 diffuse e, soprattutto, dei rimedi concretamente attivabili e delle tutele giuridiche previste, con indicazioni utili per riconoscere [&hellip;]<\/p>\n","protected":false},"author":3,"featured_media":13419,"comment_status":"open","ping_status":"open","sticky":false,"template":"","format":"standard","meta":{"footnotes":""},"categories":[3],"tags":[],"class_list":["post-13418","post","type-post","status-publish","format-standard","has-post-thumbnail","hentry","category-fashion"],"_links":{"self":[{"href":"https:\/\/friulitv24.it\/index.php?rest_route=\/wp\/v2\/posts\/13418","targetHints":{"allow":["GET"]}}],"collection":[{"href":"https:\/\/friulitv24.it\/index.php?rest_route=\/wp\/v2\/posts"}],"about":[{"href":"https:\/\/friulitv24.it\/index.php?rest_route=\/wp\/v2\/types\/post"}],"author":[{"embeddable":true,"href":"https:\/\/friulitv24.it\/index.php?rest_route=\/wp\/v2\/users\/3"}],"replies":[{"embeddable":true,"href":"https:\/\/friulitv24.it\/index.php?rest_route=%2Fwp%2Fv2%2Fcomments&post=13418"}],"version-history":[{"count":1,"href":"https:\/\/friulitv24.it\/index.php?rest_route=\/wp\/v2\/posts\/13418\/revisions"}],"predecessor-version":[{"id":13420,"href":"https:\/\/friulitv24.it\/index.php?rest_route=\/wp\/v2\/posts\/13418\/revisions\/13420"}],"wp:featuredmedia":[{"embeddable":true,"href":"https:\/\/friulitv24.it\/index.php?rest_route=\/wp\/v2\/media\/13419"}],"wp:attachment":[{"href":"https:\/\/friulitv24.it\/index.php?rest_route=%2Fwp%2Fv2%2Fmedia&parent=13418"}],"wp:term":[{"taxonomy":"category","embeddable":true,"href":"https:\/\/friulitv24.it\/index.php?rest_route=%2Fwp%2Fv2%2Fcategories&post=13418"},{"taxonomy":"post_tag","embeddable":true,"href":"https:\/\/friulitv24.it\/index.php?rest_route=%2Fwp%2Fv2%2Ftags&post=13418"}],"curies":[{"name":"wp","href":"https:\/\/api.w.org\/{rel}","templated":true}]}}