{"id":13409,"date":"2026-03-12T17:50:04","date_gmt":"2026-03-12T16:50:04","guid":{"rendered":"https:\/\/friulitv24.it\/?p=13409"},"modified":"2026-03-12T17:50:04","modified_gmt":"2026-03-12T16:50:04","slug":"lassessore-pirone-in-visita-al-doposcuola-della-scuola-ellero-investire-sui-servizi-educativi-significa-riportare-al-centro-i-diritti-dei-bambini-e-dei-ragazzi","status":"publish","type":"post","link":"https:\/\/friulitv24.it\/?p=13409","title":{"rendered":"L\u2019Assessore Pirone in visita al doposcuola della scuola Ellero: \u201cInvestire sui servizi educativi significa riportare al centro i diritti dei bambini e dei ragazzi\u201d"},"content":{"rendered":"<p>L\u2019assessore comunale all\u2019Istruzione\u00a0<strong>Federico Pirone<\/strong>\u00a0ha fatto visita al doposcuola della scuola secondaria di primo grado\u00a0<strong>Ellero<\/strong>, per incontrare la dirigente Sara Cuomo, gli studenti, operatori e personale scolastico e verificare da vicino l\u2019andamento di un servizio che, dopo l\u2019esordio nell\u2019anno scolastico\u00a0<strong>2024-2025<\/strong>, ha registrato anche nel\u00a0<strong>2026<\/strong>\u00a0un riscontro molto positivo da parte delle famiglie.<\/p>\n<p>&nbsp;<\/p>\n<p>Il doposcuola della scuola Ellero, attivo stabilmente da quest\u2019anno scolastico, \u00e8 realizzato dalla scuola con il sostegno del\u00a0<strong>Comune di Udine<\/strong>\u00a0e della\u00a0<strong>Fondazione Friuli<\/strong>.<\/p>\n<p>&nbsp;<\/p>\n<p>I numeri gi\u00e0 confermano il gradimento dell\u2019iniziativa. La scuola secondaria di primo grado Ellero conta in totale attualmente\u00a0<strong>320 iscritti<\/strong>; di questi,\u00a0<strong>26 studenti di prima e seconda \u2013 dei 223 iscritti a scuola, quindi quasi il 12% \u2013 frequentano il doposcuola nell\u2019anno in corso<\/strong>, mentre\u00a0<strong>altri 26 risultano gi\u00e0 preiscritti per il prossimo anno scolastico tra coloro che, terminato il percorso alla scuola primaria, hanno gi\u00e0 scelto la scuola di via Divisione Julia per il prossimo ciclo di studi<\/strong>. Un dato significativo, che testimonia l\u2019interesse delle famiglie verso un servizio, appena reso strutturale ma ritenuto gi\u00e0 utile per la gestione dei tempi di vita e di studio dei ragazzi.<\/p>\n<p>Per gli studenti e le studentesse che frequentano la classe terza sono invece previsti attivit\u00e0 e laboratori per l\u2019orientamento per le scuole superiori.<\/p>\n<p>&nbsp;<\/p>\n<p><strong>Il progetto del doposcuola Ellero<\/strong><\/p>\n<p>Il doposcuola \u00e8 concepito in\u00a0<strong>stretta continuit\u00e0 con l\u2019attivit\u00e0 didattica<\/strong>\u00a0del mattino. Sono previste, oltre all\u2019assistenza nello studio e nello svolgimento dei compiti per casa, anche ore di approfondimento degli argomenti trattati a lezione, e attivit\u00e0 educative e laboratoriali finalizzate alla crescita scolastica e al benessere personale dei ragazzi.<\/p>\n<p>&nbsp;<\/p>\n<p>Particolare attenzione viene riservata anche alla dimensione relazionale e inclusiva del servizio, che punta a sostenere i ragazzi nel loro percorso di crescita, a rafforzarne l\u2019autonomia, a promuovere la socializzazione e a prevenire forme di disagio scolastico e relazionale. Il doposcuola si configura cos\u00ec come uno spazio educativo a tutti gli effetti, capace di accompagnare gli studenti non solo sul piano degli apprendimenti, ma anche su quello delle competenze sociali e di cittadinanza.<\/p>\n<p>&nbsp;<\/p>\n<p><strong>Il servizio mensa<\/strong><\/p>\n<p>I ragazzi e le ragazze che partecipano al servizio usufruiscono inoltre della\u00a0<strong>mensa scolastica<\/strong>, resa possibile grazie ad un intervento ad hoc del<strong>\u00a0Comune di Udine<\/strong>, che ha investito su questo ulteriore servizio in vista dell\u2019attivazione del tempo prolungato nell\u2019istituto.<\/p>\n<p>&nbsp;<\/p>\n<p>\u201cInvestire sui servizi educativi significa riportare al centro i diritti dei bambini e dei ragazzi. In una societ\u00e0 che cambia, c\u2019\u00e8 bisogno di un cambio di sguardo e di prospettiva riguardo al mondo dell\u2019infanzia e dell\u2019adolescenza. In questo senso la visione dell\u2019amministrazione comunale, in stretta sinergia con le istituzioni scolastiche, il mondo del terzo settore e le famiglie, \u00e8 quella di costruire una comunit\u00e0 educante che si distingua per progettualit\u00e0 che, guardando lontano, siano in grado di ridurre le disuguaglianze, promuovere il benessere e dare le stesse opportunit\u00e0. Ci\u00f2 che abbiamo toccato con mano qui alla Ellero \u00e8 significativo: per questo ringrazio la dirigente Cuomo e tutta la scuola per il lavoro che stanno promuovendo\u201d, commenta l\u2019Assessore alla cultura Federico Pirone.<\/p>\n<p>&nbsp;<\/p>\n<p>\u201cLa buona collaborazione tra l\u2019amministrazione comunale e la scuola si conferma un elemento fondamentale per garantire servizi concreti e di qualit\u00e0 alle famiglie\u201d, sottolinea invece la dirigente scolastica Sara Cuomo. \u201cIl doposcuola rappresenta una risposta importante ai bisogni educativi e organizzativi delle famiglie e, allo stesso tempo, un\u2019opportunit\u00e0 preziosa per accompagnare i ragazzi in un percorso di apprendimento e socializzazione. La sinergia costruita in questi anni ci permette di rafforzare il ruolo della scuola come punto di riferimento per la nostra comunit\u00e0 scolastica\u201d<\/p>\n<p>&nbsp;<\/p>\n","protected":false},"excerpt":{"rendered":"<p>L\u2019assessore comunale all\u2019Istruzione\u00a0Federico Pirone\u00a0ha fatto visita al doposcuola della scuola secondaria di primo grado\u00a0Ellero, per incontrare la dirigente Sara Cuomo, gli studenti, operatori e personale scolastico e verificare da vicino l\u2019andamento di un servizio che, dopo l\u2019esordio nell\u2019anno scolastico\u00a02024-2025, ha registrato anche nel\u00a02026\u00a0un riscontro molto positivo da parte delle famiglie. &nbsp; Il doposcuola della scuola Ellero, attivo stabilmente da quest\u2019anno scolastico, \u00e8 realizzato dalla scuola con il sostegno del\u00a0Comune di Udine\u00a0e della\u00a0Fondazione Friuli. &nbsp; I numeri gi\u00e0 confermano il gradimento dell\u2019iniziativa. La scuola secondaria di primo grado Ellero conta in totale attualmente\u00a0320 iscritti; di questi,\u00a026 studenti di prima e seconda [&hellip;]<\/p>\n","protected":false},"author":3,"featured_media":13410,"comment_status":"open","ping_status":"open","sticky":false,"template":"","format":"standard","meta":{"footnotes":""},"categories":[3],"tags":[],"class_list":["post-13409","post","type-post","status-publish","format-standard","has-post-thumbnail","hentry","category-fashion"],"_links":{"self":[{"href":"https:\/\/friulitv24.it\/index.php?rest_route=\/wp\/v2\/posts\/13409","targetHints":{"allow":["GET"]}}],"collection":[{"href":"https:\/\/friulitv24.it\/index.php?rest_route=\/wp\/v2\/posts"}],"about":[{"href":"https:\/\/friulitv24.it\/index.php?rest_route=\/wp\/v2\/types\/post"}],"author":[{"embeddable":true,"href":"https:\/\/friulitv24.it\/index.php?rest_route=\/wp\/v2\/users\/3"}],"replies":[{"embeddable":true,"href":"https:\/\/friulitv24.it\/index.php?rest_route=%2Fwp%2Fv2%2Fcomments&post=13409"}],"version-history":[{"count":1,"href":"https:\/\/friulitv24.it\/index.php?rest_route=\/wp\/v2\/posts\/13409\/revisions"}],"predecessor-version":[{"id":13411,"href":"https:\/\/friulitv24.it\/index.php?rest_route=\/wp\/v2\/posts\/13409\/revisions\/13411"}],"wp:featuredmedia":[{"embeddable":true,"href":"https:\/\/friulitv24.it\/index.php?rest_route=\/wp\/v2\/media\/13410"}],"wp:attachment":[{"href":"https:\/\/friulitv24.it\/index.php?rest_route=%2Fwp%2Fv2%2Fmedia&parent=13409"}],"wp:term":[{"taxonomy":"category","embeddable":true,"href":"https:\/\/friulitv24.it\/index.php?rest_route=%2Fwp%2Fv2%2Fcategories&post=13409"},{"taxonomy":"post_tag","embeddable":true,"href":"https:\/\/friulitv24.it\/index.php?rest_route=%2Fwp%2Fv2%2Ftags&post=13409"}],"curies":[{"name":"wp","href":"https:\/\/api.w.org\/{rel}","templated":true}]}}