{"id":13404,"date":"2026-03-10T17:33:55","date_gmt":"2026-03-10T16:33:55","guid":{"rendered":"https:\/\/friulitv24.it\/?p=13404"},"modified":"2026-03-10T17:33:55","modified_gmt":"2026-03-10T16:33:55","slug":"istituzioni-associazioni-e-cittadini-a-confronto-sul-futuro-sviluppo-della-citta-unesco-avviato-il-percorso-di-progettazione-partecipata-per-il-piano-di-gestione-locale-della-citta-fortezz","status":"publish","type":"post","link":"https:\/\/friulitv24.it\/?p=13404","title":{"rendered":"Istituzioni, associazioni\u00a0e cittadini a confronto  sul futuro sviluppo della citt\u00e0 Unesco.     Avviato il percorso di progettazione partecipata per il Piano di Gestione locale della citt\u00e0-fortezza di Palmanova"},"content":{"rendered":"<p style=\"font-weight: 400\">\u201cL\u2019avvio del percorso partecipato \u00e8 stata un\u2019occasione per\u00a0<strong>rilanciare la consapevolezza di cittadini e istituzioni sui valori Unesco<\/strong>\u00a0e sull\u2019orgoglio e la contestuale responsabilit\u00e0 di ognuno di appartenere a una citt\u00e0 riconosciuta patrimonio mondiale. Le associazioni e gli enti saranno ancora chiamati a offrire il proprio contributo inviando progetti e proposte\u201d.<\/p>\n<p style=\"font-weight: 400\">\n<p style=\"font-weight: 400\">Cos\u00ec il sindaco di Palmanova\u00a0<strong>Giuseppe Tellini<\/strong>\u00a0ha commentato l\u2019esito dei tavoli tematici per l\u2019ascolto del territorio nell\u2019ambito della redazione del Piano di Gestione locale della citt\u00e0-fortezza di Palmanova, componente del sito seriale transnazionale \u201cLe opere di difesa veneziane tra il XVI e XVII secolo:\u00a0<em>Stato da Terra &#8211; Stato da Mar Occidentale<\/em>\u201d. Un percorso partecipato\u00a0strutturato organizzato dal Comune di Palmanova, in sinergia con\u00a0il Ministero della Cultura, e con la partnership tecnica di Fondazione Links di Torino.<\/p>\n<p style=\"font-weight: 400\">\n<p style=\"font-weight: 400\">Gli incontri si sono svolti nel Salone d\u2019Onore del Palazzo municipale nelle giornate del 24 e 25 febbraio,\u00a0<strong>coinvolgendo istituzioni, enti, associazioni e rappresentanti del tessuto culturale ed economico locale<\/strong>\u00a0in un percorso strutturato di ascolto e confronto.<\/p>\n<p style=\"font-weight: 400\">\n<p style=\"font-weight: 400\">Per\u00a0l\u2019assessore alla Cultura, turismo e attivit\u00e0 produttive\u00a0<strong>Silvia Savi<\/strong>:\u00a0\u201cQuesto percorso rappresenta\u00a0<strong>un passaggio strategico per rafforzare il ruolo di Palmanova<\/strong>\u00a0nel contesto regionale e all\u2019interno del sito seriale transnazionale. Il percorso proseguir\u00e0 nei prossimi mesi con la raccolta di proposte progettuali che, opportunamente accorpate e sistematizzate,\u00a0<strong>confluiranno nel Piano di Azione del nuovo Piano di Gestione locale<\/strong>, la cui pubblicazione \u00e8 prevista per il mese di giugno\u201d.<\/p>\n<p style=\"font-weight: 400\">\n<p style=\"font-weight: 400\">La prima giornata, marted\u00ec 24 febbraio,\u00a0<strong>\u00e8 stata dedicata al\u00a0<em>Tavolo istituzionale<\/em><\/strong>, che ha visto la partecipazione dei rappresentanti del Comune di Palmanova, della Soprintendenza, della Parrocchia, del XII Reparto Infrastrutture e del Reggimento Genova Cavalleria (4\u00b0) \u2013 CIM per l\u2019Esercito Italiano, dell\u2019Agenzia del Demanio, della Regione, dell\u2019Universit\u00e0 di Udine come Cattedra UNESCO e dell\u2019Istituto Comprensivo scolastico Palmanova Destra Torre. L\u2019incontro ha rappresentato un momento di inquadramento del significato del Piano di Gestione locale nel quadro della Convenzione sul Patrimonio Mondiale e delle responsabilit\u00e0 condivise nella tutela e valorizzazione del sito, in particolare sotto l&#8217;aspetto delle propriet\u00e0.<\/p>\n<p style=\"font-weight: 400\">\n<p style=\"font-weight: 400\">Mercoled\u00ec 25 febbraio si sono svolti due tavoli tematici:\u00a0<strong>il primo dedicato a\u00a0<em>Cultura, uso, comunicazione, accessibilit\u00e0 e mobilit\u00e0<\/em>; il secondo \u2013 nel tardo pomeriggio \u2013 focalizzato su\u00a0<em>Turismo e commercio<\/em>.<\/strong>\u00a0In entrambi i casi erano presenti i rappresentanti di oltre 20 associazioni ed enti del territorio, a testimonianza di una partecipazione ampia e qualificata.<\/p>\n<p style=\"font-weight: 400\">\n<p style=\"font-weight: 400\">Nel corso del tavolo dedicato a Turismo e commercio \u00e8 stato\u00a0<strong>inoltre presentato il\u00a0<em>Distretto del Commercio Palmarino<\/em><\/strong>, in fase di costituzione come strumento di rilancio e coordinamento delle attivit\u00e0 economiche locali. Il Distretto si configura come una rete territoriale volta a rafforzare la competitivit\u00e0 del sistema commerciale, promuovere iniziative coordinate e condivise tra operatori e sostenere azioni di rigenerazione urbana e attrattivit\u00e0 turistica, in sinergia con le strategie culturali e di valorizzazione del patrimonio UNESCO.<\/p>\n<p style=\"font-weight: 400\">\n<p style=\"font-weight: 400\">Il percorso partecipativo, moderato da esperte della Fondazione LINKS \u2013 partner tecnico anche dei Comuni di Bergamo e Peschiera del Garda nella redazione dei rispettivi Piani di Gestione locali \u2013 ha l\u2019obiettivo di definire una visione condivisa per il futuro della citt\u00e0-fortezza, integrando tutela, accessibilit\u00e0, fruizione sostenibile, sviluppo economico e qualit\u00e0 della vita della comunit\u00e0 re<\/p>\n","protected":false},"excerpt":{"rendered":"<p>\u201cL\u2019avvio del percorso partecipato \u00e8 stata un\u2019occasione per\u00a0rilanciare la consapevolezza di cittadini e istituzioni sui valori Unesco\u00a0e sull\u2019orgoglio e la contestuale responsabilit\u00e0 di ognuno di appartenere a una citt\u00e0 riconosciuta patrimonio mondiale. Le associazioni e gli enti saranno ancora chiamati a offrire il proprio contributo inviando progetti e proposte\u201d. Cos\u00ec il sindaco di Palmanova\u00a0Giuseppe Tellini\u00a0ha commentato l\u2019esito dei tavoli tematici per l\u2019ascolto del territorio nell\u2019ambito della redazione del Piano di Gestione locale della citt\u00e0-fortezza di Palmanova, componente del sito seriale transnazionale \u201cLe opere di difesa veneziane tra il XVI e XVII secolo:\u00a0Stato da Terra &#8211; Stato da Mar Occidentale\u201d. Un [&hellip;]<\/p>\n","protected":false},"author":3,"featured_media":13405,"comment_status":"open","ping_status":"open","sticky":false,"template":"","format":"standard","meta":{"footnotes":""},"categories":[3],"tags":[],"class_list":["post-13404","post","type-post","status-publish","format-standard","has-post-thumbnail","hentry","category-fashion"],"_links":{"self":[{"href":"https:\/\/friulitv24.it\/index.php?rest_route=\/wp\/v2\/posts\/13404","targetHints":{"allow":["GET"]}}],"collection":[{"href":"https:\/\/friulitv24.it\/index.php?rest_route=\/wp\/v2\/posts"}],"about":[{"href":"https:\/\/friulitv24.it\/index.php?rest_route=\/wp\/v2\/types\/post"}],"author":[{"embeddable":true,"href":"https:\/\/friulitv24.it\/index.php?rest_route=\/wp\/v2\/users\/3"}],"replies":[{"embeddable":true,"href":"https:\/\/friulitv24.it\/index.php?rest_route=%2Fwp%2Fv2%2Fcomments&post=13404"}],"version-history":[{"count":1,"href":"https:\/\/friulitv24.it\/index.php?rest_route=\/wp\/v2\/posts\/13404\/revisions"}],"predecessor-version":[{"id":13406,"href":"https:\/\/friulitv24.it\/index.php?rest_route=\/wp\/v2\/posts\/13404\/revisions\/13406"}],"wp:featuredmedia":[{"embeddable":true,"href":"https:\/\/friulitv24.it\/index.php?rest_route=\/wp\/v2\/media\/13405"}],"wp:attachment":[{"href":"https:\/\/friulitv24.it\/index.php?rest_route=%2Fwp%2Fv2%2Fmedia&parent=13404"}],"wp:term":[{"taxonomy":"category","embeddable":true,"href":"https:\/\/friulitv24.it\/index.php?rest_route=%2Fwp%2Fv2%2Fcategories&post=13404"},{"taxonomy":"post_tag","embeddable":true,"href":"https:\/\/friulitv24.it\/index.php?rest_route=%2Fwp%2Fv2%2Ftags&post=13404"}],"curies":[{"name":"wp","href":"https:\/\/api.w.org\/{rel}","templated":true}]}}