{"id":13401,"date":"2026-03-10T17:32:10","date_gmt":"2026-03-10T16:32:10","guid":{"rendered":"https:\/\/friulitv24.it\/?p=13401"},"modified":"2026-03-10T17:32:10","modified_gmt":"2026-03-10T16:32:10","slug":"il-futuro-digitale-del-friulano-passa-dalleuropa","status":"publish","type":"post","link":"https:\/\/friulitv24.it\/?p=13401","title":{"rendered":"Il futuro digitale del friulano passa dall\u2019Europa"},"content":{"rendered":"<div>Tra i pochi progetti selezionati e finanziati nel 2026 nell\u2019ambito della cooperazione transfrontaliera europea Italia-Svizzera figura anche \u201cDIGI R-L-F\u201d, iniziativa che vede tra i partner l\u2019ARLeF \u2013 Agenzia regionale per la lingua friulana. Il progetto punta a promuovere il futuro digitale delle tre lingue minoritarie retoromanze: il friulano in Friuli, il ladino in Alto Adige e il romancio nei Grigioni. Lead partner dell\u2019iniziativa \u00e8 la Provincia Autonoma di Bolzano. Accanto all\u2019ARLeF partecipano la Lia Rumantscha \u2013 l\u2019associazione che riunisce le organizzazioni linguistiche romance in Svizzera \u2013 Eurac Research e la Libera Universit\u00e0 di Bolzano.<\/div>\n<p>&nbsp;<\/p>\n<div>Dal 2026 al 2028 i partner lavoreranno insieme per elaborare una strategia condivisa nel settore digitale. L\u2019obiettivo \u00e8 creare una rete di competenze capace di rafforzare la tecnologia linguistica e offrire servizi digitali innovativi e accessibili alla popolazione. Il progetto mira infatti a costruire un ecosistema digitale condiviso, in grado di mettere in dialogo istituzioni e centri di ricerca.<\/div>\n<p>&nbsp;<\/p>\n<div>La sfida \u00e8 duplice: da un lato garantire la vitalit\u00e0 delle lingue retoromanze in un mondo sempre pi\u00f9 globale e digitale; dall\u2019altro rafforzare in modo sostenibile l\u2019identit\u00e0 culturale delle comunit\u00e0, soprattutto tra le giovani generazioni, favorendo una presenza digitale pi\u00f9 attiva. L\u2019iniziativa rappresenta anche una dimostrazione concreta del valore delle collaborazioni europee per le minoranze linguistiche.<\/div>\n<p>&nbsp;<\/p>\n<div>Per l\u2019ARLeF, la partecipazione a DIGI R-L-F costituisce un ulteriore passo nel percorso di innovazione tecnologica avviato negli ultimi anni. L\u2019Agenzia mette infatti gi\u00e0 a disposizione numerosi strumenti digitali per la lingua friulana: il SuperDizionari, l\u2019App GDBTF, il Correttore ortografico e la Tastiere furlane. Parallelamente, in collaborazione con realt\u00e0 del settore tecnologico e con INSIEL, ARLeF sta sviluppando prodotti digitali basati sull\u2019intelligenza artificiale, tra cui un traduttore automatico e i sistemi di sintesi vocale e riconoscimento vocale.&nbsp;<\/p>\n<\/div>\n<div class=\"post-bottom-meta post-bottom-edit\">\n<div class=\"post-bottom-meta-title\"><\/div>\n<\/div>\n","protected":false},"excerpt":{"rendered":"<p>Tra i pochi progetti selezionati e finanziati nel 2026 nell\u2019ambito della cooperazione transfrontaliera europea Italia-Svizzera figura anche \u201cDIGI R-L-F\u201d, iniziativa che vede tra i partner l\u2019ARLeF \u2013 Agenzia regionale per la lingua friulana. Il progetto punta a promuovere il futuro digitale delle tre lingue minoritarie retoromanze: il friulano in Friuli, il ladino in Alto Adige e il romancio nei Grigioni. Lead partner dell\u2019iniziativa \u00e8 la Provincia Autonoma di Bolzano. Accanto all\u2019ARLeF partecipano la Lia Rumantscha \u2013 l\u2019associazione che riunisce le organizzazioni linguistiche romance in Svizzera \u2013 Eurac Research e la Libera Universit\u00e0 di Bolzano. &nbsp; Dal 2026 al 2028 i [&hellip;]<\/p>\n","protected":false},"author":3,"featured_media":13402,"comment_status":"open","ping_status":"open","sticky":false,"template":"","format":"standard","meta":{"footnotes":""},"categories":[3],"tags":[],"class_list":["post-13401","post","type-post","status-publish","format-standard","has-post-thumbnail","hentry","category-fashion"],"_links":{"self":[{"href":"https:\/\/friulitv24.it\/index.php?rest_route=\/wp\/v2\/posts\/13401","targetHints":{"allow":["GET"]}}],"collection":[{"href":"https:\/\/friulitv24.it\/index.php?rest_route=\/wp\/v2\/posts"}],"about":[{"href":"https:\/\/friulitv24.it\/index.php?rest_route=\/wp\/v2\/types\/post"}],"author":[{"embeddable":true,"href":"https:\/\/friulitv24.it\/index.php?rest_route=\/wp\/v2\/users\/3"}],"replies":[{"embeddable":true,"href":"https:\/\/friulitv24.it\/index.php?rest_route=%2Fwp%2Fv2%2Fcomments&post=13401"}],"version-history":[{"count":1,"href":"https:\/\/friulitv24.it\/index.php?rest_route=\/wp\/v2\/posts\/13401\/revisions"}],"predecessor-version":[{"id":13403,"href":"https:\/\/friulitv24.it\/index.php?rest_route=\/wp\/v2\/posts\/13401\/revisions\/13403"}],"wp:featuredmedia":[{"embeddable":true,"href":"https:\/\/friulitv24.it\/index.php?rest_route=\/wp\/v2\/media\/13402"}],"wp:attachment":[{"href":"https:\/\/friulitv24.it\/index.php?rest_route=%2Fwp%2Fv2%2Fmedia&parent=13401"}],"wp:term":[{"taxonomy":"category","embeddable":true,"href":"https:\/\/friulitv24.it\/index.php?rest_route=%2Fwp%2Fv2%2Fcategories&post=13401"},{"taxonomy":"post_tag","embeddable":true,"href":"https:\/\/friulitv24.it\/index.php?rest_route=%2Fwp%2Fv2%2Ftags&post=13401"}],"curies":[{"name":"wp","href":"https:\/\/api.w.org\/{rel}","templated":true}]}}