{"id":13398,"date":"2026-03-10T17:28:42","date_gmt":"2026-03-10T16:28:42","guid":{"rendered":"https:\/\/friulitv24.it\/?p=13398"},"modified":"2026-03-10T17:28:42","modified_gmt":"2026-03-10T16:28:42","slug":"costume-musica-storia-ed-arte-nel-secondo-fine-settimana-del-festival-dei-tiepolo-e-del-settecento-in-europa","status":"publish","type":"post","link":"https:\/\/friulitv24.it\/?p=13398","title":{"rendered":"Costume, Musica, Storia ed Arte  nel secondo fine settimana  del\u00a0Festival dei Tiepolo e del Settecento in Europa"},"content":{"rendered":"<p style=\"font-weight: 400\">Prosegue il secondo fine settimana del\u00a0<strong>\u201cFestival dei Tiepolo e del Settecento in Europa\u201d<\/strong>, la rassegna di arte e cultura che ha registrato negli eventi inaugurali il tutto esaurito, dando il via ad una sesta edizione distinta da un ampio ventaglio di proposte e un ricco calendario in luoghi esclusivi. La grande manifestazione organizzata da Itineraria con la direzione artistica della presidente Maria Paola Frattolin, porta anche quest\u2019anno in Friuli Venezia Giulia ospiti illustri aprendo le porte a patrimoni d\u2019arte d\u2019indiscusso valore.\u00a0<strong>Sabato 14 marzo, alle ore 10.30 presso l\u2019ISIS \u201cRaimondo D\u2019Aronco\u201d di Gemona del Friuli<\/strong>, verr\u00e0 inaugurata la\u00a0<strong>mostra dal titolo \u201cIntorno all\u2019abbigliamento: Leggerezza e Rigore. Viaggio didattico ed educativo nel secolo dell\u2019eleganza\u201d<\/strong>. Un importante progetto di formazione capace di coniugare didattica ed artigianato artistico, intrapreso da Itineraria in collaborazione con l\u2019istituto \u201cRaimondo D\u2019Aronco\u201d, capofila del programma, il \u201cGiacomo Ceconi\u201d di Udine e il \u201cCossar-Da Vinci\u201d di Gorizia. Al progetto ha voluto partecipare, con il suo particolare contributo agli istituti, anche l\u2019Assessorato regionale all\u2019istruzione che ha creduto nel valore di questa iniziativa per il suo carattere didattico. La mostra rester\u00e0 aperta fino al 20 maggio e durante il festival si potranno ammirare gli abiti indossati e realizzati dagli stessi studenti, coinvolti in un connubio fantastico di studio e creativit\u00e0 tra tradizione ed innovazione.<\/p>\n<p style=\"font-weight: 400\"><strong>Alle ore 18.30 dello stesso giorno, nella Chiesa della presentazione di Maria al Tempio, e Casa Secolare delle Zitelle, in via Zanon a Udine<\/strong>, ritorna la musica nella kermesse dedicata ai Tiepolo e all\u2019arte del suo tempo, questa volta con un omaggio a\u00a0<strong>Wolfgang Amadeus Mozart<\/strong>\u00a0nel 270 anni dalla nascita.\u00a0<strong>Artemisia Classica<\/strong>, l\u2019ensemble tutto al femminile con Luisa Sello al flauto, Elisa Eleonora Papandrea al violino, Domenica Pugliese alla viola e Daniela Petracchi al violoncello, eseguir\u00e0 in forma\u00a0<strong>integrale i \u201cQuartetti per flauto ed archi\u201d<\/strong>\u00a0del genio salisburghese, offrendo cos\u00ec la possibilit\u00e0 di un ascolto completo ed immersivo di una summa del camerismo settecentesco. Il concerto sar\u00e0 alternato dalla lettura di passi scelti dall\u2019epistolario di Mozart, cos\u00ec da offrire un\u00a0<em>excursus<\/em>\u00a0biografico, accattivante ed approfondito, su un momento di grande splendore della vita creativa di questo imperituro prodigio.\u00a0<strong>Un momento speciale sar\u00e0 l\u2019incontro d\u2019arte con la visita guidata di domenica 15 marzo, alle ore 16.00, nella Cattedrale di Santa Maria Annunziata a Udine con Maria Paola Frattolin<\/strong>, per scoprire i \u201cmisteri\u201d del Barocco e la sua dinamica caleidoscopica attraverso le opere di Louis Dorigny, Giuseppe Torretti, Giambattista Tiepolo, Pietro Antonio Novelli, Giuseppe Morelli e Andrea Urbani.\u00a0\u00a0Una visita davvero speciale attraverso storia, arte e fede. Gli appuntamenti sono ad ingresso libero e visti i posti limitati si consiglia la prenotazione. Il Festival \u00e8 realizzato con il contributo della Regione Friuli Venezia Giulia, della Camera di Commercio di Pordenone-Udine e di Banca 360.\u00a0<strong>Tutte le informazioni sul sito\u00a0<a href=\"http:\/\/itinerariafvg.it\/\" data-saferedirecturl=\"https:\/\/www.google.com\/url?q=http:\/\/itinerariafvg.it&amp;source=gmail&amp;ust=1773245737440000&amp;usg=AOvVaw35nxyvtkwpGpGcR1jkm74O\">itinerariafvg.it<\/a><\/strong>.<\/p>\n","protected":false},"excerpt":{"rendered":"<p>Prosegue il secondo fine settimana del\u00a0\u201cFestival dei Tiepolo e del Settecento in Europa\u201d, la rassegna di arte e cultura che ha registrato negli eventi inaugurali il tutto esaurito, dando il via ad una sesta edizione distinta da un ampio ventaglio di proposte e un ricco calendario in luoghi esclusivi. La grande manifestazione organizzata da Itineraria con la direzione artistica della presidente Maria Paola Frattolin, porta anche quest\u2019anno in Friuli Venezia Giulia ospiti illustri aprendo le porte a patrimoni d\u2019arte d\u2019indiscusso valore.\u00a0Sabato 14 marzo, alle ore 10.30 presso l\u2019ISIS \u201cRaimondo D\u2019Aronco\u201d di Gemona del Friuli, verr\u00e0 inaugurata la\u00a0mostra dal titolo \u201cIntorno [&hellip;]<\/p>\n","protected":false},"author":3,"featured_media":13399,"comment_status":"open","ping_status":"open","sticky":false,"template":"","format":"standard","meta":{"footnotes":""},"categories":[3],"tags":[],"class_list":["post-13398","post","type-post","status-publish","format-standard","has-post-thumbnail","hentry","category-fashion"],"_links":{"self":[{"href":"https:\/\/friulitv24.it\/index.php?rest_route=\/wp\/v2\/posts\/13398","targetHints":{"allow":["GET"]}}],"collection":[{"href":"https:\/\/friulitv24.it\/index.php?rest_route=\/wp\/v2\/posts"}],"about":[{"href":"https:\/\/friulitv24.it\/index.php?rest_route=\/wp\/v2\/types\/post"}],"author":[{"embeddable":true,"href":"https:\/\/friulitv24.it\/index.php?rest_route=\/wp\/v2\/users\/3"}],"replies":[{"embeddable":true,"href":"https:\/\/friulitv24.it\/index.php?rest_route=%2Fwp%2Fv2%2Fcomments&post=13398"}],"version-history":[{"count":1,"href":"https:\/\/friulitv24.it\/index.php?rest_route=\/wp\/v2\/posts\/13398\/revisions"}],"predecessor-version":[{"id":13400,"href":"https:\/\/friulitv24.it\/index.php?rest_route=\/wp\/v2\/posts\/13398\/revisions\/13400"}],"wp:featuredmedia":[{"embeddable":true,"href":"https:\/\/friulitv24.it\/index.php?rest_route=\/wp\/v2\/media\/13399"}],"wp:attachment":[{"href":"https:\/\/friulitv24.it\/index.php?rest_route=%2Fwp%2Fv2%2Fmedia&parent=13398"}],"wp:term":[{"taxonomy":"category","embeddable":true,"href":"https:\/\/friulitv24.it\/index.php?rest_route=%2Fwp%2Fv2%2Fcategories&post=13398"},{"taxonomy":"post_tag","embeddable":true,"href":"https:\/\/friulitv24.it\/index.php?rest_route=%2Fwp%2Fv2%2Ftags&post=13398"}],"curies":[{"name":"wp","href":"https:\/\/api.w.org\/{rel}","templated":true}]}}