{"id":13395,"date":"2026-03-10T17:26:16","date_gmt":"2026-03-10T16:26:16","guid":{"rendered":"https:\/\/friulitv24.it\/?p=13395"},"modified":"2026-03-10T17:26:16","modified_gmt":"2026-03-10T16:26:16","slug":"parcheggio-moretti-via-libera-allampliamento-237-posti-auto-in-piu-con-il-nuovo-multipiano","status":"publish","type":"post","link":"https:\/\/friulitv24.it\/?p=13395","title":{"rendered":"Parcheggio Moretti, via libera all\u2019ampliamento: 237 posti auto in pi\u00f9 con il nuovo multipiano"},"content":{"rendered":"<p>Udine si prepara a rafforzare uno dei suoi principali poli della sosta.\u00a0<strong>La Giunta comunale ha approvato il Documento di fattibilit\u00e0 delle alternative progettuali (DOCFAP)<\/strong>\u00a0per l\u2019ampliamento del parcheggio Moretti, dando il via libera a\u00a0<strong>un intervento che punta ad aumentare in modo significativo la disponibilit\u00e0 di posti auto<\/strong>\u00a0in un\u2019area strategica per l\u2019accesso al centro cittadino.<\/p>\n<p>Il progetto consentir\u00e0 di portare\u00a0<strong>la capienza complessiva del parcheggio a 694 stalli<\/strong><strong>,\u00a0<\/strong>con<strong>\u00a0237<\/strong><strong>\u00a0<\/strong><strong>posti<\/strong><strong>\u00a0auto in pi\u00f9 rispetto alla dotazione attuale<\/strong><strong>.<\/strong>\u00a0Il nuovo parcheggio multipiano da\u00a0<strong>352 posti<\/strong>\u00a0infatti sorger\u00e0 sull\u2019area sopraelevata gi\u00e0 adibita alla sosta che attualmente contiene\u00a0<strong>115 posti<\/strong>.<\/p>\n<p>\u201cL\u2019esigenza di ampliare le possibilit\u00e0 di accesso al centro con stalli collocati lungo il ring cittadino\u00a0<strong>\u00e8 uno degli obiettivi che questa amministrazione si \u00e8 data, ma non \u00e8 l\u2019unico<\/strong>\u201d, dichiara il sindaco\u00a0<strong>Alberto Felice De Toni<\/strong>. \u201cCon l\u2019ampliamento del parcheggio Moretti\u00a0<strong>rispondiamo a una necessit\u00e0 concreta<\/strong>, che sar\u00e0 per\u00f2 accompagnata da altre iniziative volte a\u00a0<strong>incentivare la mobilit\u00e0 sostenibile, l\u2019utilizzo del trasporto pubblico<\/strong>\u00a0e la possibilit\u00e0 di contare su\u00a0<strong>una mobilit\u00e0 plurale<\/strong>, capace di rispondere alle diverse esigenze del pubblico che ogni giorno frequenta la citt\u00e0.<\/p>\n<p>Il tema della sosta e della mobilit\u00e0\u00a0<strong>sar\u00e0 al centro di un percorso che abbiamo gi\u00e0 intrapreso<\/strong>\u00a0internamente e che nei prossimi mesi vedr\u00e0 il coinvolgimento dei portatori di interesse, tra cui\u00a0<strong>residenti, categorie economiche e pendolari<\/strong>, per arrivare a\u00a0<strong>una riformulazione complessiva del sistema<\/strong>\u201d.<\/p>\n<p>L\u2019idea alla base del progetto \u00e8 quella di\u00a0<strong>far crescere il parcheggio<\/strong><strong>\u00a0senza estenderlo su nuove superfici<\/strong>, ma realizzando\u00a0<strong>una nuova struttura su parte del parcheggio esistente<\/strong>. Il nuovo corpo si svilupper\u00e0 su\u00a0<strong>tre piani fuori terra<\/strong>\u00a0e consentir\u00e0 di\u00a0<strong>riorganizzare e potenziare la sosta<\/strong>\u00a0in uno dei nodi pi\u00f9 frequentati della citt\u00e0.<\/p>\n<p>L\u2019intervento\u00a0<strong>aggiunger\u00e0 237 posti auto<\/strong>, contribuendo a\u00a0<strong>rafforzare il ruolo del Moretti come punto di accesso al centro urbano<\/strong>\u00a0e migliorando allo stesso tempo\u00a0<strong>l\u2019ordine complessivo dei percorsi interni<\/strong>, sia per i veicoli sia per i pedoni.<\/p>\n<p>Il progetto prevede infatti\u00a0<strong>collegamenti verticali, percorsi dedicati e una riorganizzazione dei flussi di accesso e uscita<\/strong>, con l\u2019obiettivo di\u00a0<strong>rendere pi\u00f9 semplice e funzionale l\u2019utilizzo dell\u2019area<\/strong><strong>.<\/strong><\/p>\n<p>I prossimi passaggi dell\u2019iter prevedono ora\u00a0<strong>la redazione del progetto di fattibilit\u00e0 tecnico-economica<\/strong>\u00a0e, successivamente,\u00a0<strong>del progetto esecutivo<\/strong>, ultimi snodi della fase progettuale prima dell\u2019avvio dell\u2019intervento.<\/p>\n<p>Al termine della progettazione\u00a0<strong>la realizzazione dell\u2019intervento sar\u00e0 messa a gara<\/strong><strong>; la\u00a0<\/strong><strong>durata stimata dei lavori \u00e8 di circa 12 mesi<\/strong><strong>.<\/strong><\/p>\n<p>&nbsp;<\/p>\n","protected":false},"excerpt":{"rendered":"<p>Udine si prepara a rafforzare uno dei suoi principali poli della sosta.\u00a0La Giunta comunale ha approvato il Documento di fattibilit\u00e0 delle alternative progettuali (DOCFAP)\u00a0per l\u2019ampliamento del parcheggio Moretti, dando il via libera a\u00a0un intervento che punta ad aumentare in modo significativo la disponibilit\u00e0 di posti auto\u00a0in un\u2019area strategica per l\u2019accesso al centro cittadino. Il progetto consentir\u00e0 di portare\u00a0la capienza complessiva del parcheggio a 694 stalli,\u00a0con\u00a0237\u00a0posti\u00a0auto in pi\u00f9 rispetto alla dotazione attuale.\u00a0Il nuovo parcheggio multipiano da\u00a0352 posti\u00a0infatti sorger\u00e0 sull\u2019area sopraelevata gi\u00e0 adibita alla sosta che attualmente contiene\u00a0115 posti. \u201cL\u2019esigenza di ampliare le possibilit\u00e0 di accesso al centro con stalli collocati lungo [&hellip;]<\/p>\n","protected":false},"author":3,"featured_media":13396,"comment_status":"open","ping_status":"open","sticky":false,"template":"","format":"standard","meta":{"footnotes":""},"categories":[3],"tags":[],"class_list":["post-13395","post","type-post","status-publish","format-standard","has-post-thumbnail","hentry","category-fashion"],"_links":{"self":[{"href":"https:\/\/friulitv24.it\/index.php?rest_route=\/wp\/v2\/posts\/13395","targetHints":{"allow":["GET"]}}],"collection":[{"href":"https:\/\/friulitv24.it\/index.php?rest_route=\/wp\/v2\/posts"}],"about":[{"href":"https:\/\/friulitv24.it\/index.php?rest_route=\/wp\/v2\/types\/post"}],"author":[{"embeddable":true,"href":"https:\/\/friulitv24.it\/index.php?rest_route=\/wp\/v2\/users\/3"}],"replies":[{"embeddable":true,"href":"https:\/\/friulitv24.it\/index.php?rest_route=%2Fwp%2Fv2%2Fcomments&post=13395"}],"version-history":[{"count":1,"href":"https:\/\/friulitv24.it\/index.php?rest_route=\/wp\/v2\/posts\/13395\/revisions"}],"predecessor-version":[{"id":13397,"href":"https:\/\/friulitv24.it\/index.php?rest_route=\/wp\/v2\/posts\/13395\/revisions\/13397"}],"wp:featuredmedia":[{"embeddable":true,"href":"https:\/\/friulitv24.it\/index.php?rest_route=\/wp\/v2\/media\/13396"}],"wp:attachment":[{"href":"https:\/\/friulitv24.it\/index.php?rest_route=%2Fwp%2Fv2%2Fmedia&parent=13395"}],"wp:term":[{"taxonomy":"category","embeddable":true,"href":"https:\/\/friulitv24.it\/index.php?rest_route=%2Fwp%2Fv2%2Fcategories&post=13395"},{"taxonomy":"post_tag","embeddable":true,"href":"https:\/\/friulitv24.it\/index.php?rest_route=%2Fwp%2Fv2%2Ftags&post=13395"}],"curies":[{"name":"wp","href":"https:\/\/api.w.org\/{rel}","templated":true}]}}