{"id":13392,"date":"2026-03-10T17:21:05","date_gmt":"2026-03-10T16:21:05","guid":{"rendered":"https:\/\/friulitv24.it\/?p=13392"},"modified":"2026-03-10T17:21:05","modified_gmt":"2026-03-10T16:21:05","slug":"dimmi-le-donne-raccontano-chiude-al-visionario-con-la-proiezione-di-si-dice-di-me","status":"publish","type":"post","link":"https:\/\/friulitv24.it\/?p=13392","title":{"rendered":"\u201cDIMMI \u2013 Le donne raccontano\u201d chiude al Visionario con la proiezione di \u201cSi dice di me\u201d"},"content":{"rendered":"<p><strong>UDINE\u00a0<\/strong>\u2013 \u00c8 giunta alla sua conclusione anche la sesta edizione di \u201cDIMMI \u2013 Le donne raccontano\u201d: un percorso di pensiero e formazione rivolto in particolare alle nuove generazioni che, attraverso discipline diverse (filosofia, storia, letteratura, diritto), approfondisce il sapere femminile e la storia delle donne. Nata da un\u2019idea di Puntozero societ\u00e0 cooperativa \u2013 promossa da Alchemilla, con il sostegno della Regione Autonoma Friuli Venezia Giulia, in collaborazione con Bottega Errante, Universit\u00e0 degli Studi di Verona, associazione Venezia e Istituto comprensivo Macor di Romans d\u2019Isonzo \u2013 anche questa edizione 2026 \u00e8 stata ricca di attivit\u00e0, incontri pubblici, laboratori nelle scuole, conferenze, talk e approfondimenti, aperti a tutta la cittadinanza. Il prossimo\u00a0<strong>venerd\u00ec 13 marzo,\u00a0<\/strong>la giornata conclusiva, si articoler\u00e0 in due momenti aperti al pubblico, entrambi a ingresso gratuito fino a esaurimento posti ed entrambi parte del programma promosso per l\u20198 marzo dalla Commissione Pari Opportunit\u00e0 del Comune di Udine.<\/p>\n<p>&nbsp;<\/p>\n<p><strong>L\u2019INCONTRO ALLA\u00a0<a href=\"http:\/\/libreria.coop\/\" data-saferedirecturl=\"https:\/\/www.google.com\/url?q=http:\/\/LIBRERIA.COOP&amp;source=gmail&amp;ust=1773245747090000&amp;usg=AOvVaw38g1LPA3Xx-Y6XvSE49296\">LIBRERIA.COOP<\/a>\u00a0FRIULI<\/strong>\u00a0\u2013 Si comincer\u00e0 alle 16 alla Libreria.Coop Friuli di Udine (via dei Rizzani) con l\u2019incontro: \u201cAbitare il disordine\u201d. Sar\u00e0 un pomeriggio di confronto condiviso sull\u2019agire creativo che trasforma gli spazi. A partire da esperienze vissute, immagini e racconti, il pubblico sar\u00e0 invitato a intrecciare sguardi e pratiche per riconoscere le qualit\u00e0 degli spazi che permettono alla partecipazione di accadere, anche attraverso piccoli disordini. A intervenire sar\u00e0 Francesca Gentile, ricercatrice e drammaturga di comunit\u00e0, co-founder di Alchemilla, docente di progettazione culturale all\u2019Universit\u00e0 Cattolica di Milano e all\u2019Universit\u00e0 degli Studi di Pavia. L\u2019incontro sar\u00e0 concepito come un grande cerchio di parola che coinvolger\u00e0 le persone che hanno lavorato al progetto e il pubblico presente, in un momento autentico di restituzione e ascolto reciproco.<\/p>\n<p>&nbsp;<\/p>\n<p><strong>\u201cSI DICE DI ME\u201d, PROIEZIONE AL VISIONARIO<\/strong>\u00a0\u2013 La giornata proseguir\u00e0 alle 19.30 al cinema Visionario con la proiezione del film \u201cSi dice di me\u201d che ha ricevuto il patrocinio del Comune di Udine. Il documentario racconta l\u2019esperienza trentennale di Marina Rippa che, attraverso laboratori teatrali nei quartieri complessi di Napoli, ha creato uno spazio vitale di condivisione e liberazione per molte donne. Il laboratorio diventa luogo in cui corpo e voce si fondono per rendere visibile l\u2019invisibile, superando limiti culturali e stereotipi. In un momento buio della vita di Marina, sar\u00e0 proprio l\u2019abbraccio delle \u201csue\u201d donne a dimostrare la forza di un legame che va oltre il teatro, in un percorso di emancipazione e autodeterminazione che trasforma lo spazio scenico in luogo sacro di ribellione e riscatto. Al termine della proiezione dialogheranno con il pubblico la regista Isabella Mari e Marina Rippa, fondatrice di\u00a0<a href=\"http:\/\/f.pl\/\" data-saferedirecturl=\"https:\/\/www.google.com\/url?q=http:\/\/f.pl&amp;source=gmail&amp;ust=1773245747090000&amp;usg=AOvVaw1ZuxH9dJyiscYTF4MBLnqr\">f.pl<\/a>. femminile plurale.<\/p>\n","protected":false},"excerpt":{"rendered":"<p>UDINE\u00a0\u2013 \u00c8 giunta alla sua conclusione anche la sesta edizione di \u201cDIMMI \u2013 Le donne raccontano\u201d: un percorso di pensiero e formazione rivolto in particolare alle nuove generazioni che, attraverso discipline diverse (filosofia, storia, letteratura, diritto), approfondisce il sapere femminile e la storia delle donne. Nata da un\u2019idea di Puntozero societ\u00e0 cooperativa \u2013 promossa da Alchemilla, con il sostegno della Regione Autonoma Friuli Venezia Giulia, in collaborazione con Bottega Errante, Universit\u00e0 degli Studi di Verona, associazione Venezia e Istituto comprensivo Macor di Romans d\u2019Isonzo \u2013 anche questa edizione 2026 \u00e8 stata ricca di attivit\u00e0, incontri pubblici, laboratori nelle scuole, conferenze, [&hellip;]<\/p>\n","protected":false},"author":3,"featured_media":13393,"comment_status":"open","ping_status":"open","sticky":false,"template":"","format":"standard","meta":{"footnotes":""},"categories":[3],"tags":[],"class_list":["post-13392","post","type-post","status-publish","format-standard","has-post-thumbnail","hentry","category-fashion"],"_links":{"self":[{"href":"https:\/\/friulitv24.it\/index.php?rest_route=\/wp\/v2\/posts\/13392","targetHints":{"allow":["GET"]}}],"collection":[{"href":"https:\/\/friulitv24.it\/index.php?rest_route=\/wp\/v2\/posts"}],"about":[{"href":"https:\/\/friulitv24.it\/index.php?rest_route=\/wp\/v2\/types\/post"}],"author":[{"embeddable":true,"href":"https:\/\/friulitv24.it\/index.php?rest_route=\/wp\/v2\/users\/3"}],"replies":[{"embeddable":true,"href":"https:\/\/friulitv24.it\/index.php?rest_route=%2Fwp%2Fv2%2Fcomments&post=13392"}],"version-history":[{"count":1,"href":"https:\/\/friulitv24.it\/index.php?rest_route=\/wp\/v2\/posts\/13392\/revisions"}],"predecessor-version":[{"id":13394,"href":"https:\/\/friulitv24.it\/index.php?rest_route=\/wp\/v2\/posts\/13392\/revisions\/13394"}],"wp:featuredmedia":[{"embeddable":true,"href":"https:\/\/friulitv24.it\/index.php?rest_route=\/wp\/v2\/media\/13393"}],"wp:attachment":[{"href":"https:\/\/friulitv24.it\/index.php?rest_route=%2Fwp%2Fv2%2Fmedia&parent=13392"}],"wp:term":[{"taxonomy":"category","embeddable":true,"href":"https:\/\/friulitv24.it\/index.php?rest_route=%2Fwp%2Fv2%2Fcategories&post=13392"},{"taxonomy":"post_tag","embeddable":true,"href":"https:\/\/friulitv24.it\/index.php?rest_route=%2Fwp%2Fv2%2Ftags&post=13392"}],"curies":[{"name":"wp","href":"https:\/\/api.w.org\/{rel}","templated":true}]}}