{"id":11549,"date":"2025-08-01T15:29:28","date_gmt":"2025-08-01T13:29:28","guid":{"rendered":"https:\/\/friulitv24.it\/?p=11549"},"modified":"2025-08-01T15:29:28","modified_gmt":"2025-08-01T13:29:28","slug":"a-radici-per-la-prima-volta-in-italia-la-magia-del-wiener-chormadchen","status":"publish","type":"post","link":"https:\/\/friulitv24.it\/?p=11549","title":{"rendered":"A &#8220;Radici&#8221;, per la prima volta in Italia,  la magia del Wiener Chorm\u00e4dchen"},"content":{"rendered":"<p style=\"font-weight: 400\"><strong>TARVISIO<\/strong>\u00a0\u2013 Per la prima volta in assoluto, la magia e le voci cristalline del Wiener Chorm\u00e4dchen arriveranno in Italia. Il 2 agosto 2025, alle 20, la Chiesa dei Santi Pietro e Paolo di Tarvisio ospiter\u00e0 un concerto unico che vedr\u00e0 protagoniste le giovanissime interpreti della versione femminile del celebre coro viennese dei Wiener S\u00e4ngerknaben. Un evento che rientra nell\u2019ambito del variegato cartellone del Festival Radici, nato da un progetto del Comune di Tarvisio e realizzato con il sostegno della Regione Autonoma Friuli Venezia Giulia e in collaborazione con Pro Loco Il Tiglio Valcanale, Kanaltaler Kulturverein e una rete di partner locali, regionali e internazionali.<\/p>\n<p style=\"font-weight: 400\">Nato nel 2004 all\u2019interno della medesima istituzione che dal 1498 forma i pi\u00f9 celebri cori di voci bianche al mondo, il Wiener Chorm\u00e4dchen, reduce da una tourn\u00e9e internazionale fra Asia e America, porter\u00e0 in scena un programma raffinato e coinvolgente, che abbraccer\u00e0 secoli di musica vocale: da Purcell a Mendelssohn, da Schubert a Fanny Hensel, fino a composizioni contemporanee come Riobamba Dance, dello stesso direttore del coro, Stefan Foidl, che accompagner\u00e0 le giovani artiste anche al pianoforte.<\/p>\n<p style=\"font-weight: 400\">Il pubblico ascolter\u00e0 una selezione di brani che sapr\u00e0 esaltare le qualit\u00e0 di questo ensemble, oggi composto da 26 ragazze tra i 10 e i 14 anni, tutte formate con la stessa rigorosa preparazione vocale e musicale dei colleghi maschi. Negli ultimi anni il coro femminile ha conosciuto una rapida ascesa, prendendo parte a importanti produzioni sinfoniche come i Carmina Burana di Carl Orff con l\u2019Orchestra Sinfonica della Radio di Vienna, e distinguendosi in festival internazionali e concerti istituzionali, tra cui il celebre appuntamento natalizio Christmas in Vienna.<\/p>\n<p style=\"font-weight: 400\">Il concerto a Tarvisio rappresenter\u00e0 non solo un\u2019occasione rara per ascoltare dal vivo una delle realt\u00e0 corali giovanili pi\u00f9 interessanti d\u2019Europa, ma anche un momento di alto valore artistico e culturale. L\u2019ingresso sar\u00e0 gratuito, fino a esaurimento dei posti disponibili.<\/p>\n","protected":false},"excerpt":{"rendered":"<p>TARVISIO\u00a0\u2013 Per la prima volta in assoluto, la magia e le voci cristalline del Wiener Chorm\u00e4dchen arriveranno in Italia. Il 2 agosto 2025, alle 20, la Chiesa dei Santi Pietro e Paolo di Tarvisio ospiter\u00e0 un concerto unico che vedr\u00e0 protagoniste le giovanissime interpreti della versione femminile del celebre coro viennese dei Wiener S\u00e4ngerknaben. Un evento che rientra nell\u2019ambito del variegato cartellone del Festival Radici, nato da un progetto del Comune di Tarvisio e realizzato con il sostegno della Regione Autonoma Friuli Venezia Giulia e in collaborazione con Pro Loco Il Tiglio Valcanale, Kanaltaler Kulturverein e una rete di partner [&hellip;]<\/p>\n","protected":false},"author":3,"featured_media":11550,"comment_status":"open","ping_status":"open","sticky":false,"template":"","format":"standard","meta":{"footnotes":""},"categories":[3],"tags":[],"class_list":["post-11549","post","type-post","status-publish","format-standard","has-post-thumbnail","hentry","category-fashion"],"_links":{"self":[{"href":"https:\/\/friulitv24.it\/index.php?rest_route=\/wp\/v2\/posts\/11549","targetHints":{"allow":["GET"]}}],"collection":[{"href":"https:\/\/friulitv24.it\/index.php?rest_route=\/wp\/v2\/posts"}],"about":[{"href":"https:\/\/friulitv24.it\/index.php?rest_route=\/wp\/v2\/types\/post"}],"author":[{"embeddable":true,"href":"https:\/\/friulitv24.it\/index.php?rest_route=\/wp\/v2\/users\/3"}],"replies":[{"embeddable":true,"href":"https:\/\/friulitv24.it\/index.php?rest_route=%2Fwp%2Fv2%2Fcomments&post=11549"}],"version-history":[{"count":1,"href":"https:\/\/friulitv24.it\/index.php?rest_route=\/wp\/v2\/posts\/11549\/revisions"}],"predecessor-version":[{"id":11551,"href":"https:\/\/friulitv24.it\/index.php?rest_route=\/wp\/v2\/posts\/11549\/revisions\/11551"}],"wp:featuredmedia":[{"embeddable":true,"href":"https:\/\/friulitv24.it\/index.php?rest_route=\/wp\/v2\/media\/11550"}],"wp:attachment":[{"href":"https:\/\/friulitv24.it\/index.php?rest_route=%2Fwp%2Fv2%2Fmedia&parent=11549"}],"wp:term":[{"taxonomy":"category","embeddable":true,"href":"https:\/\/friulitv24.it\/index.php?rest_route=%2Fwp%2Fv2%2Fcategories&post=11549"},{"taxonomy":"post_tag","embeddable":true,"href":"https:\/\/friulitv24.it\/index.php?rest_route=%2Fwp%2Fv2%2Ftags&post=11549"}],"curies":[{"name":"wp","href":"https:\/\/api.w.org\/{rel}","templated":true}]}}