{"id":11492,"date":"2025-07-28T14:25:38","date_gmt":"2025-07-28T12:25:38","guid":{"rendered":"https:\/\/friulitv24.it\/?p=11492"},"modified":"2025-07-28T14:25:38","modified_gmt":"2025-07-28T12:25:38","slug":"tara-dragas-asu-brilla-alla-world-challenge-cup-di-cluj-napoca-con-un-doppio-podio","status":"publish","type":"post","link":"https:\/\/friulitv24.it\/?p=11492","title":{"rendered":"Tara Draga\u0161 (ASU) brilla alla World Challenge Cup di Cluj-Napoca con un doppio podio"},"content":{"rendered":"<div>\n<div>\n<p><b>UDINE<\/b>\u00a0\u2013<a name=\"m_-4189639409713014163_m_-2285275152354578004_OLE_LINK2\"><\/a>\u00a0Alla Polyvalent Hall di Cluj-Napoca, in Romania, si \u00e8 chiusa una nuova tappa del circuito internazionale di ginnastica ritmica, la World Challenge Cup 2025. Una delle protagoniste indiscusse, insieme alla campionessa olimpica Darja Varfolomeev e alla campionessa europea Taisiia Onofriichuk, \u00e8 stata Tara Draga\u0161, atleta dell\u2019Associazione Sportiva Udinese che veste la maglia delle Fiamme Oro. La diciottenne friulana ha firmato una delle sue prove pi\u00f9 convincenti a livello internazionale, confermandosi una certezza nel panorama della ritmica mondiale: quinta nel concorso generale e, soprattutto, bronzo alla palla (28.400) e argento alle clavette (29.100), nelle finali di specialit\u00e0.<\/p>\n<p>&nbsp;<\/p>\n<p>Dopo l\u2019ottima performance alla World Cup di Milano l\u2019atleta bianconera ha confermato il suo valore con prestazioni solide, mature e cariche di personalit\u00e0. \u00ab<i>Siamo molto felici. Tara ha dimostrato che quella di Milano non era un exploit isolato, ma una vera e propria crescita\u00a0<\/i>\u2013 ha commentato \u0160pela Draga\u0161 che allena la ginnasta assieme a Valeria Pysmenna alla coreografa Laura Miotti -.\u00a0<i>Il bronzo alla palla \u00e8 stato importante, soprattutto considerando che abbiamo scelto tardi di cambiare questo esercizio. C&#8217;\u00e8 voluto un po&#8217; per ingranare le nuove difficolt\u00e0, ma ora i risultati la stanno ripagando. Nelle clavette, sia nel concorso generale sia in finale, ha eseguito due esercizi molto puliti e precisi. Siamo sulla strada giusta anche con il cerchio. In qualifica ha ottenuto il suo personal best con 29.650, un punteggio da medaglia. In finale qualche imprecisione di troppo ha abbassato il punteggio (28.000), ma l\u2019ingresso tra le finaliste \u00e8 un traguardo che aspettavamo da tempo. In quanto al nastro, peccato per il nodo, ma \u00e8 un attrezzo su cui abbiamo meno necessit\u00e0 di conferme. Adesso qualche giorno di recupero e poi via verso le prossime sfide<\/i>\u00bb.<\/p>\n<p>&nbsp;<\/p>\n<p>Tra le voci pi\u00f9 entusiaste anche quella del direttore generale dell\u2019ASU, Nicola Di Benedetto, che ha sottolineato il valore di questo risultato: \u00ab<i>\u00c8 davvero emozionante vedere un progetto di lungo periodo consolidarsi e trovare conferma nella realt\u00e0. Il percorso che Tara e \u0160pela hanno intrapreso, fatto di impegno, visione e costanza, \u00e8 oggi sotto gli occhi di tutti. Conoscendo Tara, so che questo traguardo non \u00e8 un punto d\u2019arrivo, ma uno slancio verso nuove sfide<\/i>\u00bb.<\/p>\n<p>&nbsp;<\/p>\n<p>Tara e lo staff faranno rientro in Italia per qualche giorno di riposo, prima di un nuovo stage che sar\u00e0 ospitato dall&#8217;ASU, i primi giorni di agosto. L&#8217;atleta bianconera partir\u00e0 poi in direzione di Desio, dove, oltre agli allenamenti, \u00e8 previsto un incontro internazionale, informale, con la squadra tedesca, preludio alla partenza per il Brasile. Dove, a Vit\u00f3ria, inizier\u00e0 la preparazione finale per i Campionati del Mondo, in programma a Rio: vero banco di prova per le ambizioni azzurre.<\/p>\n<\/div>\n<div>\n<div class=\"gmail_signature\" dir=\"ltr\">\n<div dir=\"ltr\">\n<div dir=\"ltr\">\n<div dir=\"ltr\">\n<div dir=\"ltr\">\n<div dir=\"ltr\">\n<div>\n<div><\/div>\n<div><\/div>\n<div><\/div>\n<\/div>\n<\/div>\n<\/div>\n<\/div>\n<\/div>\n<\/div>\n<\/div>\n<\/div>\n<\/div>\n<div>\n<div class=\"gmail_signature\" dir=\"ltr\" data-smartmail=\"gmail_signature\">\n<div dir=\"ltr\">\n<div dir=\"ltr\">\n<div dir=\"ltr\">\n<div dir=\"ltr\">\n<div dir=\"ltr\">\n<div><\/div>\n<\/div>\n<\/div>\n<\/div>\n<\/div>\n<\/div>\n<\/div>\n<\/div>\n","protected":false},"excerpt":{"rendered":"<p>UDINE\u00a0\u2013\u00a0Alla Polyvalent Hall di Cluj-Napoca, in Romania, si \u00e8 chiusa una nuova tappa del circuito internazionale di ginnastica ritmica, la World Challenge Cup 2025. Una delle protagoniste indiscusse, insieme alla campionessa olimpica Darja Varfolomeev e alla campionessa europea Taisiia Onofriichuk, \u00e8 stata Tara Draga\u0161, atleta dell\u2019Associazione Sportiva Udinese che veste la maglia delle Fiamme Oro. La diciottenne friulana ha firmato una delle sue prove pi\u00f9 convincenti a livello internazionale, confermandosi una certezza nel panorama della ritmica mondiale: quinta nel concorso generale e, soprattutto, bronzo alla palla (28.400) e argento alle clavette (29.100), nelle finali di specialit\u00e0. &nbsp; Dopo l\u2019ottima performance [&hellip;]<\/p>\n","protected":false},"author":3,"featured_media":11493,"comment_status":"open","ping_status":"open","sticky":false,"template":"","format":"standard","meta":{"footnotes":""},"categories":[3],"tags":[],"class_list":["post-11492","post","type-post","status-publish","format-standard","has-post-thumbnail","hentry","category-fashion"],"_links":{"self":[{"href":"https:\/\/friulitv24.it\/index.php?rest_route=\/wp\/v2\/posts\/11492","targetHints":{"allow":["GET"]}}],"collection":[{"href":"https:\/\/friulitv24.it\/index.php?rest_route=\/wp\/v2\/posts"}],"about":[{"href":"https:\/\/friulitv24.it\/index.php?rest_route=\/wp\/v2\/types\/post"}],"author":[{"embeddable":true,"href":"https:\/\/friulitv24.it\/index.php?rest_route=\/wp\/v2\/users\/3"}],"replies":[{"embeddable":true,"href":"https:\/\/friulitv24.it\/index.php?rest_route=%2Fwp%2Fv2%2Fcomments&post=11492"}],"version-history":[{"count":1,"href":"https:\/\/friulitv24.it\/index.php?rest_route=\/wp\/v2\/posts\/11492\/revisions"}],"predecessor-version":[{"id":11494,"href":"https:\/\/friulitv24.it\/index.php?rest_route=\/wp\/v2\/posts\/11492\/revisions\/11494"}],"wp:featuredmedia":[{"embeddable":true,"href":"https:\/\/friulitv24.it\/index.php?rest_route=\/wp\/v2\/media\/11493"}],"wp:attachment":[{"href":"https:\/\/friulitv24.it\/index.php?rest_route=%2Fwp%2Fv2%2Fmedia&parent=11492"}],"wp:term":[{"taxonomy":"category","embeddable":true,"href":"https:\/\/friulitv24.it\/index.php?rest_route=%2Fwp%2Fv2%2Fcategories&post=11492"},{"taxonomy":"post_tag","embeddable":true,"href":"https:\/\/friulitv24.it\/index.php?rest_route=%2Fwp%2Fv2%2Ftags&post=11492"}],"curies":[{"name":"wp","href":"https:\/\/api.w.org\/{rel}","templated":true}]}}