{"id":11429,"date":"2025-07-22T17:38:28","date_gmt":"2025-07-22T15:38:28","guid":{"rendered":"https:\/\/friulitv24.it\/?p=11429"},"modified":"2025-07-22T17:38:28","modified_gmt":"2025-07-22T15:38:28","slug":"sanita-adeguata-per-una-citta-che-cresce-il-sindaco-fasan-in-visita-allospedale-san-polo","status":"publish","type":"post","link":"https:\/\/friulitv24.it\/?p=11429","title":{"rendered":"Sanit\u00e0 adeguata per una citt\u00e0 che cresce\u201d.  Il sindaco Fasan in visita all\u2019Ospedale San Polo"},"content":{"rendered":"<p style=\"font-weight: 400\">Luned\u00ec mattina il sindaco di Monfalcone, Luca Fasan, ha effettuato un sopralluogo presso l\u2019Ospedale San Polo per conoscere da vicino l\u2019organizzazione della struttura e approfondire le criticit\u00e0 che il sistema sanitario locale si trova ad affrontare.<\/p>\n<p style=\"font-weight: 400\">Durante l\u2019incontro, il sindaco ha avuto modo di confrontarsi con il personale medico e infermieristico, raccogliendo segnalazioni preziose sullo stato attuale dei servizi, sulle difficolt\u00e0 legate alla carenza di personale \u2013 acuita dalla mobilit\u00e0 dei professionisti verso i luoghi d\u2019origine \u2013 e sulle criticit\u00e0 nella copertura dei turni durante il periodo estivo.<\/p>\n<p style=\"font-weight: 400\">\u201cLa visita all\u2019ospedale rientra in una pi\u00f9 ampia visione di ascolto e conoscenza diretta delle realt\u00e0 locali che sto effettuando sin dai primi giorni da Sindaco \u2013 ha dichiarato il primo cittadino, Luca Fasan. Monfalcone \u00e8 una citt\u00e0 che cresce, con una popolazione residente in aumento, un flusso turistico sempre pi\u00f9 rilevante e la presenza di grandi aziende che portano molti lavoratori sul territorio; \u00e8 quindi necessario un servizio sanitario proporzionato alle reali esigenze del bacino di utenza, che non si limita a quello della sola citt\u00e0, ma include i residenti in tutto il mandamento\u201d.<\/p>\n<p style=\"font-weight: 400\">La visita ha toccato diversi reparti, tra cui quello di cardiologia, dove il primo cittadino \u00e8 stato accompagnato dalla dottoressa Lardieri, direttore del reparto, dove, oltre alla carenza di personale specializzato, \u00e8 stata inoltre sottolineata l\u2019importanza della riorganizzazione degli spazi e di un sistema pi\u00f9 dinamico nei trasferimenti tra strutture per rendere pi\u00f9 efficienti e sicuri i ricoveri.<\/p>\n<p style=\"font-weight: 400\">\u201cSiamo al fianco dei cittadini e del personale sanitario \u2013 ha aggiunto il sindaco \u2013 e ci faremo portavoce di quanto emerso nel corso della visita, nell\u2019ottica di una piena collaborazione anche con la Regione, affinch\u00e9 si possano individuare insieme soluzioni concrete per adeguare le strutture e rafforzare l\u2019organico.<\/p>\n<p style=\"font-weight: 400\">La sanit\u00e0 \u00e8 un diritto e deve essere in grado di rispondere con prontezza, qualit\u00e0 ed efficienza ai reali fabbisogni dei cittadini\u201d.<\/p>\n<p style=\"font-weight: 400\">L\u2019incontro \u00e9 stato propedeutico per la prossima visita ufficiale insieme al direttore generale, Antonio Poggiana, a conferma dell\u2019attenzione verso il rafforzamento delle relazioni istituzionali e della volont\u00e0 dell\u2019Amministrazione di consolidare il dialogo su temi strategici per il territorio.<\/p>\n<p style=\"font-weight: 400\">\n","protected":false},"excerpt":{"rendered":"<p>Luned\u00ec mattina il sindaco di Monfalcone, Luca Fasan, ha effettuato un sopralluogo presso l\u2019Ospedale San Polo per conoscere da vicino l\u2019organizzazione della struttura e approfondire le criticit\u00e0 che il sistema sanitario locale si trova ad affrontare. Durante l\u2019incontro, il sindaco ha avuto modo di confrontarsi con il personale medico e infermieristico, raccogliendo segnalazioni preziose sullo stato attuale dei servizi, sulle difficolt\u00e0 legate alla carenza di personale \u2013 acuita dalla mobilit\u00e0 dei professionisti verso i luoghi d\u2019origine \u2013 e sulle criticit\u00e0 nella copertura dei turni durante il periodo estivo. \u201cLa visita all\u2019ospedale rientra in una pi\u00f9 ampia visione di ascolto e [&hellip;]<\/p>\n","protected":false},"author":3,"featured_media":11430,"comment_status":"open","ping_status":"open","sticky":false,"template":"","format":"standard","meta":{"footnotes":""},"categories":[3],"tags":[],"class_list":["post-11429","post","type-post","status-publish","format-standard","has-post-thumbnail","hentry","category-fashion"],"_links":{"self":[{"href":"https:\/\/friulitv24.it\/index.php?rest_route=\/wp\/v2\/posts\/11429","targetHints":{"allow":["GET"]}}],"collection":[{"href":"https:\/\/friulitv24.it\/index.php?rest_route=\/wp\/v2\/posts"}],"about":[{"href":"https:\/\/friulitv24.it\/index.php?rest_route=\/wp\/v2\/types\/post"}],"author":[{"embeddable":true,"href":"https:\/\/friulitv24.it\/index.php?rest_route=\/wp\/v2\/users\/3"}],"replies":[{"embeddable":true,"href":"https:\/\/friulitv24.it\/index.php?rest_route=%2Fwp%2Fv2%2Fcomments&post=11429"}],"version-history":[{"count":1,"href":"https:\/\/friulitv24.it\/index.php?rest_route=\/wp\/v2\/posts\/11429\/revisions"}],"predecessor-version":[{"id":11431,"href":"https:\/\/friulitv24.it\/index.php?rest_route=\/wp\/v2\/posts\/11429\/revisions\/11431"}],"wp:featuredmedia":[{"embeddable":true,"href":"https:\/\/friulitv24.it\/index.php?rest_route=\/wp\/v2\/media\/11430"}],"wp:attachment":[{"href":"https:\/\/friulitv24.it\/index.php?rest_route=%2Fwp%2Fv2%2Fmedia&parent=11429"}],"wp:term":[{"taxonomy":"category","embeddable":true,"href":"https:\/\/friulitv24.it\/index.php?rest_route=%2Fwp%2Fv2%2Fcategories&post=11429"},{"taxonomy":"post_tag","embeddable":true,"href":"https:\/\/friulitv24.it\/index.php?rest_route=%2Fwp%2Fv2%2Ftags&post=11429"}],"curies":[{"name":"wp","href":"https:\/\/api.w.org\/{rel}","templated":true}]}}